{"id":3390,"date":"2025-11-25T04:16:06","date_gmt":"2025-11-25T04:16:06","guid":{"rendered":"https:\/\/drcristinavaduva.com\/?p=3390"},"modified":"2025-12-04T13:46:06","modified_gmt":"2025-12-04T13:46:06","slug":"rinoplastia-funcional-antes-y-despues","status":"publish","type":"post","link":"https:\/\/drcristinavaduva.com\/ro\/rinoplastia-funcional-antes-y-despues\/","title":{"rendered":"Rinoplastia funcional antes y despu\u00e9s: cambios reales y c\u00f3mo mejora tu respiraci\u00f3n"},"content":{"rendered":"<p>La rinoplastia funcional es un procedimiento que va mucho m\u00e1s all\u00e1 de la mejora est\u00e9tica de la nariz. Su principal prop\u00f3sito es restaurar o mejorar la funci\u00f3n respiratoria, corrigiendo alteraciones internas que impiden el paso correcto del aire. Sin embargo, adem\u00e1s de los cambios funcionales, tambi\u00e9n puede generar transformaciones positivas en la apariencia, siempre de forma sutil y natural.<\/p>\n\n\n\n<h2 class=\"wp-block-heading\">\u00bfC\u00f3mo se diferencia la rinoplastia funcional de la rinoplastia est\u00e9tica?<\/h2>\n\n\n\n<figure class=\"wp-block-image aligncenter size-large\"><img fetchpriority=\"high\" decoding=\"async\" width=\"1024\" height=\"910\" src=\"https:\/\/drcristinavaduva.com\/wp-content\/uploads\/2025\/11\/WhatsApp-Image-2025-12-01-at-08.11.12-1024x910.jpeg\" alt=\"Rinoplastia funcional antes y despu\u00e9s\" class=\"wp-image-3429\" srcset=\"https:\/\/drcristinavaduva.com\/wp-content\/uploads\/2025\/11\/WhatsApp-Image-2025-12-01-at-08.11.12-1024x910.jpeg 1024w, https:\/\/drcristinavaduva.com\/wp-content\/uploads\/2025\/11\/WhatsApp-Image-2025-12-01-at-08.11.12-300x267.jpeg 300w, https:\/\/drcristinavaduva.com\/wp-content\/uploads\/2025\/11\/WhatsApp-Image-2025-12-01-at-08.11.12-768x683.jpeg 768w, https:\/\/drcristinavaduva.com\/wp-content\/uploads\/2025\/11\/WhatsApp-Image-2025-12-01-at-08.11.12-1536x1365.jpeg 1536w, https:\/\/drcristinavaduva.com\/wp-content\/uploads\/2025\/11\/WhatsApp-Image-2025-12-01-at-08.11.12-14x12.jpeg 14w, https:\/\/drcristinavaduva.com\/wp-content\/uploads\/2025\/11\/WhatsApp-Image-2025-12-01-at-08.11.12.jpeg 2048w\" sizes=\"(max-width: 1024px) 100vw, 1024px\" \/><\/figure>\n\n\n\n<p>Por lo general, cuando se piensa en <a href=\"https:\/\/drcristinavaduva.com\/ro\/rinoplastia\/\" target=\"_blank\" rel=\"noreferrer noopener\">cirug\u00eda de nariz<\/a>, la mayor\u00eda imagina un cambio de forma o tama\u00f1o. No obstante, la rinoplastia funcional tiene objetivos claramente m\u00e9dicos. En primer lugar, busca corregir problemas como el tabique desviado, deformidades adquiridas tras traumatismos, hipertrofia de cornetes o alteraciones anat\u00f3micas cong\u00e9nitas. As\u00ed, mientras la rinoplastia est\u00e9tica se orienta a la armon\u00eda facial, la funcional responde a necesidades respiratorias y de salud.<\/p>\n\n\n\n<p>Asimismo, es importante destacar que ambos enfoques pueden complementarse, pero la prioridad en la cirug\u00eda funcional ser\u00e1 siempre la recuperaci\u00f3n de la funci\u00f3n respiratoria. Por lo tanto, cada procedimiento debe ser personalizado, evaluando los s\u00edntomas y expectativas del paciente de manera integral.<\/p>\n\n\n\n<h2 class=\"wp-block-heading\">\u00bfPor qu\u00e9 una mala respiraci\u00f3n nasal afecta tu calidad de vida?<\/h2>\n\n\n\n<p>Respirar bien por la nariz es esencial para disfrutar de un descanso reparador, concentraci\u00f3n \u00f3ptima y energ\u00eda durante el d\u00eda. Pero, cuando el flujo de aire est\u00e1 limitado, surgen molestias que afectan m\u00faltiples aspectos de la vida diaria. Por ejemplo, el ronquido habitual, la apnea del sue\u00f1o, las infecciones recurrentes y la fatiga constante pueden estar relacionadas con obstrucci\u00f3n nasal.<\/p>\n\n\n\n<p>De la misma forma, muchos pacientes presentan congesti\u00f3n cr\u00f3nica, dolor de cabeza y necesidad de respirar por la boca, lo que aumenta el riesgo de infecciones en garganta y faringe. Por ello, solucionar el problema no solo implica un beneficio est\u00e9tico, sino una mejora sustancial en la salud completa.<\/p>\n\n\n\n<h3 class=\"wp-block-heading\">\u00bfCu\u00e1les son los cambios funcionales despu\u00e9s de una rinoplastia?<\/h3>\n\n\n\n<p>El resultado m\u00e1s notorio tras la <a href=\"https:\/\/drcristinavaduva.com\/ro\/rinoplastia\/\" target=\"_blank\" rel=\"noreferrer noopener\">rinoplastia<\/a> funcional es la capacidad de respirar profundamente y sin esfuerzo. Por lo general, los pacientes experimentan menos congesti\u00f3n, mayor flujo de aire y reducci\u00f3n notable del uso de aerosoles nasales o descongestionantes. Asimismo, desaparecen los despertares nocturnos ligados a la dificultad respiratoria, y el descanso se vuelve m\u00e1s reparador.<\/p>\n\n\n\n<p>Otra mejor\u00eda importante es la desaparici\u00f3n de la sensaci\u00f3n de ahogo durante el ejercicio f\u00edsico. Adem\u00e1s, tras unos d\u00edas de recuperaci\u00f3n, es habitual sentir mayor frescura y energ\u00eda en las actividades cotidianas. As\u00ed mismo, algunos notan menos dolor de cabeza y fatiga ocular que antes de la cirug\u00eda.<\/p>\n\n\n\n<h2 class=\"wp-block-heading\">\u00bfQu\u00e9 cambios est\u00e9ticos pueden lograrse con la rinoplastia funcional?<\/h2>\n\n\n\n<p>Aunque la cirug\u00eda funcional no prioriza la est\u00e9tica, suele tener como consecuencia una nariz m\u00e1s alineada y arm\u00f3nica con el rostro. Sin embargo, los resultados buscan siempre la naturalidad y el equilibrio facial, sin modificar dr\u00e1sticamente los rasgos distintivos del paciente. De esta forma, la transformaci\u00f3n suele ser tan sutil que muchos familiares notan el cambio s\u00f3lo por el brillo y relajaci\u00f3n en la expresi\u00f3n.<\/p>\n\n\n\n<p>Por otro lado, la inflamaci\u00f3n posterior a la cirug\u00eda puede perdurar durante algunas semanas, pero gradualmente el aspecto facial adquiere mayor frescura y simetr\u00eda. As\u00ed, el \u201cantes y despu\u00e9s\u201d deja ver no s\u00f3lo la apertura interna, sino tambi\u00e9n el refinamiento externo, especialmente cuando existe desviaci\u00f3n significativa o deformidad previa.<\/p>\n\n\n\n<h2 class=\"wp-block-heading\">\u00bfC\u00f3mo es el antes y despu\u00e9s en la recuperaci\u00f3n respiratoria?<\/h2>\n\n\n\n<p>En el proceso de recuperaci\u00f3n, los cambios funcionales pueden apreciarse desde las primeras semanas. Si bien al principio la nariz puede estar congestionada por la inflamaci\u00f3n, posteriormente se nota la diferencia en la capacidad de inspirar y exhalar aire sin dificultad. Por ejemplo, quienes sufr\u00edan fatiga, somnolencia o falta de energ\u00eda descubren que estos s\u00edntomas desaparecen al recuperar el flujo nasal.<\/p>\n\n\n\n<p>Adem\u00e1s, se minimizan los resfriados recurrentes y el paciente comenta que la calidad de sue\u00f1o se optimiza desde el primer mes. De la misma manera, el simple hecho de no tener que abrir la boca para respirar, y evitar la sequedad bucal, genera una sensaci\u00f3n de alivio persistente. As\u00ed, los resultados funcionales se consolidan progresivamente, en paralelo a la cicatrizaci\u00f3n externa.<\/p>\n\n\n\n<h3 class=\"wp-block-heading\">Un cambio integral en el bienestar diario<\/h3>\n\n\n\n<p>La <a href=\"https:\/\/drcristinavaduva.com\/ro\/rinoplastia\/\" target=\"_blank\" rel=\"noreferrer noopener\">rinoplastia <\/a>funcional transforma la vida de quienes han sufrido durante a\u00f1os por problemas respiratorios. De hecho, muchos sienten que pasan a tener una \u201cnueva nariz\u201d no solo por la forma, sino sobre todo por la funcionalidad. Este tipo de cirug\u00eda elimina la sensaci\u00f3n de agotamiento y la incomodidad, permitiendo disfrutar plenamente de actividades que antes resultaban complicadas.<\/p>\n\n\n\n<p>As\u00ed mismo, la mayor\u00eda de los pacientes exploran nuevas rutinas deportivas y mejoran su rendimiento. Los testimonios frecuentemente indican que, tras la intervenci\u00f3n, sienten vitalidad y ganas de interactuar en ambientes sociales, ya que la respiraci\u00f3n fluida facilita la comunicaci\u00f3n y el bienestar emocional. En conclusi\u00f3n, los cambios son reales y profundos, evidenciando que la funci\u00f3n nasal es clave para la calidad de vida.<\/p>\n\n\n\n<h2 class=\"wp-block-heading\">La experiencia de la Dra. Cristina Vaduva: personalizaci\u00f3n y seguridad<\/h2>\n\n\n\n<p>Con una s\u00f3lida formaci\u00f3n y experiencia en rinoplastia funcional, la <a href=\"https:\/\/drcristinavaduva.com\/ro\/\" target=\"_blank\" rel=\"noreferrer noopener\">Dra. Cristina Vaduva<\/a> ofrece un abordaje altamente personalizado. Su compromiso es dise\u00f1ar cada procedimiento teniendo en cuenta tanto los aspectos de funcionalidad como los rasgos individuales del paciente. As\u00ed mismo, utiliza t\u00e9cnicas quir\u00fargicas avanzadas para garantizar resultados naturales y seguros, minimizando las complicaciones.<\/p>\n\n\n\n<p>Adem\u00e1s, apuesta por una recuperaci\u00f3n progresiva y acompa\u00f1amiento constante durante todo el proceso. Por lo tanto, quienes eligen a la Dra. Vaduva encuentran no solo una soluci\u00f3n a sus problemas respiratorios, sino tambi\u00e9n un renovado bienestar f\u00edsico y emocional. La satisfacci\u00f3n de quienes han pasado por la intervenci\u00f3n es reflejo de su profesionalidad y dedicaci\u00f3n.<\/p>\n\n\n\n<h4 class=\"wp-block-heading\">Mejora tu respiraci\u00f3n con resultados que perduran<\/h4>\n\n\n\n<p>Optar por una rinoplastia funcional no solo cambia la apariencia de tu nariz, sino que transforma completamente tu calidad de vida. Respirar con facilidad, descansar mejor y recuperar la energ\u00eda perdida son beneficios que perduran a lo largo del tiempo. Adem\u00e1s, aunque los cambios est\u00e9ticos son evidentes, el verdadero impacto est\u00e1 en la funci\u00f3n respiratoria.<\/p>\n\n\n\n<p>De la misma forma, confiar en un especialista como la Dra. Cristina Vaduva asegura una experiencia agradable, segura y orientada al bienestar integral. No dudes en <a href=\"https:\/\/api.whatsapp.com\/send\/?phone=34624583892&amp;text&amp;type=phone_number&amp;app_absent=0\" target=\"_blank\" rel=\"noreferrer noopener\">consultar acerca del procedimiento<\/a> y vive el antes y despu\u00e9s de una rinoplastia funcional, disfrutando de una respiraci\u00f3n libre y natural d\u00eda tras d\u00eda.<\/p>","protected":false},"excerpt":{"rendered":"<p>La rinoplastia funcional es un procedimiento que va mucho m\u00e1s all\u00e1 de la mejora est\u00e9tica de la nariz. Su principal prop\u00f3sito es restaurar o mejorar la funci\u00f3n respiratoria, corrigiendo alteraciones internas que impiden el paso correcto del aire. Sin embargo, adem\u00e1s de los cambios funcionales, tambi\u00e9n puede generar transformaciones positivas en la apariencia, siempre de &hellip;<\/p>\n<p class=\"read-more\"> <a class=\"\" href=\"https:\/\/drcristinavaduva.com\/ro\/rinoplastia-funcional-antes-y-despues\/\"> <span class=\"screen-reader-text\">Rinoplastia funcional antes y despu\u00e9s: cambios reales y c\u00f3mo mejora tu respiraci\u00f3n<\/span> Read More &raquo;<\/a><\/p>","protected":false},"author":2,"featured_media":3428,"comment_status":"open","ping_status":"open","sticky":false,"template":"","format":"standard","meta":{"site-sidebar-layout":"default","site-content-layout":"default","ast-global-header-display":"","ast-banner-title-visibility":"","ast-main-header-display":"","ast-hfb-above-header-display":"","ast-hfb-below-header-display":"","ast-hfb-mobile-header-display":"","site-post-title":"","ast-breadcrumbs-content":"","ast-featured-img":"","footer-sml-layout":"","theme-transparent-header-meta":"","adv-header-id-meta":"","stick-header-meta":"","header-above-stick-meta":"","header-main-stick-meta":"","header-below-stick-meta":"","footnotes":""},"categories":[1],"tags":[],"class_list":["post-3390","post","type-post","status-publish","format-standard","has-post-thumbnail","hentry","category-uncategorized"],"yoast_head":"<!-- This site is optimized with the Yoast SEO plugin v21.2 - https:\/\/yoast.com\/wordpress\/plugins\/seo\/ -->\n<title>Rinoplastia funcional antes y despu\u00e9s | Dr. Cristina Vaduva<\/title>\n<meta name=\"description\" content=\"Descubre el antes y despu\u00e9s de la rinoplastia funcional, los cambios reales y c\u00f3mo puede mejorar tu respiraci\u00f3n y bienestar integral.\" \/>\n<meta name=\"robots\" content=\"index, follow, max-snippet:-1, max-image-preview:large, max-video-preview:-1\" \/>\n<link rel=\"canonical\" href=\"https:\/\/drcristinavaduva.com\/ro\/rinoplastia-funcional-antes-y-despues\/\" \/>\n<meta property=\"og:locale\" content=\"ro_RO\" \/>\n<meta property=\"og:type\" content=\"article\" \/>\n<meta property=\"og:title\" content=\"Rinoplastia funcional antes y despu\u00e9s | Dr. Cristina Vaduva\" \/>\n<meta property=\"og:description\" content=\"Descubre el antes y despu\u00e9s de la rinoplastia funcional, los cambios reales y c\u00f3mo puede mejorar tu respiraci\u00f3n y bienestar integral.\" \/>\n<meta property=\"og:url\" content=\"https:\/\/drcristinavaduva.com\/ro\/rinoplastia-funcional-antes-y-despues\/\" \/>\n<meta property=\"og:site_name\" content=\"Dra Cristina Vaduva\" \/>\n<meta property=\"article:published_time\" content=\"2025-11-25T04:16:06+00:00\" \/>\n<meta property=\"article:modified_time\" content=\"2025-12-04T13:46:06+00:00\" \/>\n<meta property=\"og:image\" content=\"https:\/\/drcristinavaduva.com\/wp-content\/uploads\/2025\/11\/WhatsApp-Image-2025-12-01-at-08.11.09.jpeg\" \/>\n\t<meta property=\"og:image:width\" content=\"2048\" \/>\n\t<meta property=\"og:image:height\" content=\"1820\" \/>\n\t<meta property=\"og:image:type\" content=\"image\/jpeg\" \/>\n<meta name=\"author\" content=\"Ana\" \/>\n<meta name=\"twitter:card\" content=\"summary_large_image\" \/>\n<meta name=\"twitter:label1\" content=\"Scris de\" \/>\n\t<meta name=\"twitter:data1\" content=\"Ana\" \/>\n\t<meta name=\"twitter:label2\" content=\"Timp estimat pentru citire\" \/>\n\t<meta name=\"twitter:data2\" content=\"5 minute\" \/>\n<script type=\"application\/ld+json\" class=\"yoast-schema-graph\">{\"@context\":\"https:\/\/schema.org\",\"@graph\":[{\"@type\":\"WebPage\",\"@id\":\"https:\/\/drcristinavaduva.com\/rinoplastia-funcional-antes-y-despues\/\",\"url\":\"https:\/\/drcristinavaduva.com\/rinoplastia-funcional-antes-y-despues\/\",\"name\":\"Rinoplastia funcional antes y despu\u00e9s | Dr. Cristina Vaduva\",\"isPartOf\":{\"@id\":\"https:\/\/drcristinavaduva.com\/#website\"},\"datePublished\":\"2025-11-25T04:16:06+00:00\",\"dateModified\":\"2025-12-04T13:46:06+00:00\",\"author\":{\"@id\":\"https:\/\/drcristinavaduva.com\/#\/schema\/person\/95f2e78bc1ea95dee6010d3c27548170\"},\"description\":\"Descubre el antes y despu\u00e9s de la rinoplastia funcional, los cambios reales y c\u00f3mo puede mejorar tu respiraci\u00f3n y bienestar integral.\",\"breadcrumb\":{\"@id\":\"https:\/\/drcristinavaduva.com\/rinoplastia-funcional-antes-y-despues\/#breadcrumb\"},\"inLanguage\":\"ro-RO\",\"potentialAction\":[{\"@type\":\"ReadAction\",\"target\":[\"https:\/\/drcristinavaduva.com\/rinoplastia-funcional-antes-y-despues\/\"]}]},{\"@type\":\"BreadcrumbList\",\"@id\":\"https:\/\/drcristinavaduva.com\/rinoplastia-funcional-antes-y-despues\/#breadcrumb\",\"itemListElement\":[{\"@type\":\"ListItem\",\"position\":1,\"name\":\"Portada\",\"item\":\"https:\/\/drcristinavaduva.com\/\"},{\"@type\":\"ListItem\",\"position\":2,\"name\":\"Rinoplastia funcional antes y despu\u00e9s: cambios reales y c\u00f3mo mejora tu respiraci\u00f3n\"}]},{\"@type\":\"WebSite\",\"@id\":\"https:\/\/drcristinavaduva.com\/#website\",\"url\":\"https:\/\/drcristinavaduva.com\/\",\"name\":\"Dra Cristina Vaduva\",\"description\":\"\",\"potentialAction\":[{\"@type\":\"SearchAction\",\"target\":{\"@type\":\"EntryPoint\",\"urlTemplate\":\"https:\/\/drcristinavaduva.com\/?s={search_term_string}\"},\"query-input\":\"required name=search_term_string\"}],\"inLanguage\":\"ro-RO\"},{\"@type\":\"Person\",\"@id\":\"https:\/\/drcristinavaduva.com\/#\/schema\/person\/95f2e78bc1ea95dee6010d3c27548170\",\"name\":\"Ana\",\"image\":{\"@type\":\"ImageObject\",\"inLanguage\":\"ro-RO\",\"@id\":\"https:\/\/drcristinavaduva.com\/#\/schema\/person\/image\/\",\"url\":\"https:\/\/secure.gravatar.com\/avatar\/d1840ae14902e8e3bfcc36c2673930ef50ff09f785d2c339c8c9c57fb40576bf?s=96&d=mm&r=g\",\"contentUrl\":\"https:\/\/secure.gravatar.com\/avatar\/d1840ae14902e8e3bfcc36c2673930ef50ff09f785d2c339c8c9c57fb40576bf?s=96&d=mm&r=g\",\"caption\":\"Ana\"},\"url\":\"https:\/\/drcristinavaduva.com\/ro\/author\/ana\/\"}]}<\/script>\n<!-- \/ Yoast SEO plugin. -->","yoast_head_json":{"title":"Rinoplastia funcional antes y despu\u00e9s | Dr. Cristina Vaduva","description":"Descubre el antes y despu\u00e9s de la rinoplastia funcional, los cambios reales y c\u00f3mo puede mejorar tu respiraci\u00f3n y bienestar integral.","robots":{"index":"index","follow":"follow","max-snippet":"max-snippet:-1","max-image-preview":"max-image-preview:large","max-video-preview":"max-video-preview:-1"},"canonical":"https:\/\/drcristinavaduva.com\/ro\/rinoplastia-funcional-antes-y-despues\/","og_locale":"ro_RO","og_type":"article","og_title":"Rinoplastia funcional antes y despu\u00e9s | Dr. Cristina Vaduva","og_description":"Descubre el antes y despu\u00e9s de la rinoplastia funcional, los cambios reales y c\u00f3mo puede mejorar tu respiraci\u00f3n y bienestar integral.","og_url":"https:\/\/drcristinavaduva.com\/ro\/rinoplastia-funcional-antes-y-despues\/","og_site_name":"Dra Cristina Vaduva","article_published_time":"2025-11-25T04:16:06+00:00","article_modified_time":"2025-12-04T13:46:06+00:00","og_image":[{"width":2048,"height":1820,"url":"https:\/\/drcristinavaduva.com\/wp-content\/uploads\/2025\/11\/WhatsApp-Image-2025-12-01-at-08.11.09.jpeg","type":"image\/jpeg"}],"author":"Ana","twitter_card":"summary_large_image","twitter_misc":{"Scris de":"Ana","Timp estimat pentru citire":"5 minute"},"schema":{"@context":"https:\/\/schema.org","@graph":[{"@type":"WebPage","@id":"https:\/\/drcristinavaduva.com\/rinoplastia-funcional-antes-y-despues\/","url":"https:\/\/drcristinavaduva.com\/rinoplastia-funcional-antes-y-despues\/","name":"Rinoplastia funcional antes y despu\u00e9s | Dr. Cristina Vaduva","isPartOf":{"@id":"https:\/\/drcristinavaduva.com\/#website"},"datePublished":"2025-11-25T04:16:06+00:00","dateModified":"2025-12-04T13:46:06+00:00","author":{"@id":"https:\/\/drcristinavaduva.com\/#\/schema\/person\/95f2e78bc1ea95dee6010d3c27548170"},"description":"Descubre el antes y despu\u00e9s de la rinoplastia funcional, los cambios reales y c\u00f3mo puede mejorar tu respiraci\u00f3n y bienestar integral.","breadcrumb":{"@id":"https:\/\/drcristinavaduva.com\/rinoplastia-funcional-antes-y-despues\/#breadcrumb"},"inLanguage":"ro-RO","potentialAction":[{"@type":"ReadAction","target":["https:\/\/drcristinavaduva.com\/rinoplastia-funcional-antes-y-despues\/"]}]},{"@type":"BreadcrumbList","@id":"https:\/\/drcristinavaduva.com\/rinoplastia-funcional-antes-y-despues\/#breadcrumb","itemListElement":[{"@type":"ListItem","position":1,"name":"Portada","item":"https:\/\/drcristinavaduva.com\/"},{"@type":"ListItem","position":2,"name":"Rinoplastia funcional antes y despu\u00e9s: cambios reales y c\u00f3mo mejora tu respiraci\u00f3n"}]},{"@type":"WebSite","@id":"https:\/\/drcristinavaduva.com\/#website","url":"https:\/\/drcristinavaduva.com\/","name":"Dra Cristina Vaduva","description":"","potentialAction":[{"@type":"SearchAction","target":{"@type":"EntryPoint","urlTemplate":"https:\/\/drcristinavaduva.com\/?s={search_term_string}"},"query-input":"required name=search_term_string"}],"inLanguage":"ro-RO"},{"@type":"Person","@id":"https:\/\/drcristinavaduva.com\/#\/schema\/person\/95f2e78bc1ea95dee6010d3c27548170","name":"Ana","image":{"@type":"ImageObject","inLanguage":"ro-RO","@id":"https:\/\/drcristinavaduva.com\/#\/schema\/person\/image\/","url":"https:\/\/secure.gravatar.com\/avatar\/d1840ae14902e8e3bfcc36c2673930ef50ff09f785d2c339c8c9c57fb40576bf?s=96&d=mm&r=g","contentUrl":"https:\/\/secure.gravatar.com\/avatar\/d1840ae14902e8e3bfcc36c2673930ef50ff09f785d2c339c8c9c57fb40576bf?s=96&d=mm&r=g","caption":"Ana"},"url":"https:\/\/drcristinavaduva.com\/ro\/author\/ana\/"}]}},"_links":{"self":[{"href":"https:\/\/drcristinavaduva.com\/ro\/wp-json\/wp\/v2\/posts\/3390","targetHints":{"allow":["GET"]}}],"collection":[{"href":"https:\/\/drcristinavaduva.com\/ro\/wp-json\/wp\/v2\/posts"}],"about":[{"href":"https:\/\/drcristinavaduva.com\/ro\/wp-json\/wp\/v2\/types\/post"}],"author":[{"embeddable":true,"href":"https:\/\/drcristinavaduva.com\/ro\/wp-json\/wp\/v2\/users\/2"}],"replies":[{"embeddable":true,"href":"https:\/\/drcristinavaduva.com\/ro\/wp-json\/wp\/v2\/comments?post=3390"}],"version-history":[{"count":2,"href":"https:\/\/drcristinavaduva.com\/ro\/wp-json\/wp\/v2\/posts\/3390\/revisions"}],"predecessor-version":[{"id":3431,"href":"https:\/\/drcristinavaduva.com\/ro\/wp-json\/wp\/v2\/posts\/3390\/revisions\/3431"}],"wp:featuredmedia":[{"embeddable":true,"href":"https:\/\/drcristinavaduva.com\/ro\/wp-json\/wp\/v2\/media\/3428"}],"wp:attachment":[{"href":"https:\/\/drcristinavaduva.com\/ro\/wp-json\/wp\/v2\/media?parent=3390"}],"wp:term":[{"taxonomy":"category","embeddable":true,"href":"https:\/\/drcristinavaduva.com\/ro\/wp-json\/wp\/v2\/categories?post=3390"},{"taxonomy":"post_tag","embeddable":true,"href":"https:\/\/drcristinavaduva.com\/ro\/wp-json\/wp\/v2\/tags?post=3390"}],"curies":[{"name":"wp","href":"https:\/\/api.w.org\/{rel}","templated":true}]}}