{"id":3107,"date":"2025-07-28T03:53:55","date_gmt":"2025-07-28T03:53:55","guid":{"rendered":"https:\/\/drcristinavaduva.com\/?p=3107"},"modified":"2025-07-28T03:53:56","modified_gmt":"2025-07-28T03:53:56","slug":"postoperatorio-de-la-operacion-de-parpados-caidos","status":"publish","type":"post","link":"https:\/\/drcristinavaduva.com\/ro\/postoperatorio-de-la-operacion-de-parpados-caidos\/","title":{"rendered":"Postoperatorio de la operaci\u00f3n de p\u00e1rpados ca\u00eddos: cuidados y tiempos de recuperaci\u00f3n reales"},"content":{"rendered":"<p>La blefaroplastia superior es una de las intervenciones m\u00e1s solicitadas para rejuvenecer la mirada y corregir el exceso de piel que afecta la apertura ocular o da un aspecto cansado. M\u00e1s all\u00e1 de los resultados est\u00e9ticos y funcionales, el \u00e9xito de la operaci\u00f3n para p\u00e1rpados ca\u00eddos depende en gran parte de un postoperatorio responsable. Si est\u00e1s considerando esta cirug\u00eda, conocer en detalle los cuidados, las expectativas y los tiempos de recuperaci\u00f3n reales es clave para asegurar una experiencia positiva y un resultado duradero.<\/p>\n\n\n\n<h2 class=\"wp-block-heading\" id=\"qu-esperar-tras-la-operacin-de-prpados-cados\">Qu\u00e9 esperar durante el postooperatorio de la operaci\u00f3n de p\u00e1rpados ca\u00eddos<\/h2>\n\n\n\n<p>En las primeras horas despu\u00e9s de la <a href=\"https:\/\/drcristinavaduva.com\/ro\/blefaroplastia-superior\/\" target=\"_blank\" rel=\"noreferrer noopener\">blefaroplastia superior<\/a>, es normal notar hinchaz\u00f3n, leve sensaci\u00f3n de tirantez y algunos moretones alrededor de los ojos. El dolor es generalmente m\u00ednimo y se controla con analg\u00e9sicos suaves, aunque pueden presentarse molestias leves o sensaci\u00f3n de ojo seco. Estas sensaciones suelen corregirse con colirios o l\u00e1grimas artificiales recomendados por el especialista. Poder mantener los ojos abiertos y deambular con autonom\u00eda es habitual desde el primer d\u00eda, aunque se aconseja descansar y evitar pensar en retomarlo todo de inmediato.<\/p>\n\n\n\n<p>Durante la primera semana, es caracter\u00edstico observar edema e inflamaci\u00f3n progresivamente en descenso. El enrojecimiento, la presencia de peque\u00f1as costras y la visi\u00f3n borrosa temporal pueden generar inquietud, pero son parte natural del proceso. Muchos pacientes pueden leer, utilizar pantallas y realizar actividades ligeras en casa relativamente pronto, aunque se recomienda restringir la actividad f\u00edsica intensa, la exposici\u00f3n a pantallas prolongadas y el uso de maquillaje o lentes de contacto.<\/p>\n\n\n\n<figure class=\"wp-block-image size-full\"><img fetchpriority=\"high\" decoding=\"async\" width=\"1000\" height=\"419\" src=\"https:\/\/drcristinavaduva.com\/wp-content\/uploads\/2025\/07\/2148803490.jpg\" alt=\"\" class=\"wp-image-3113\" srcset=\"https:\/\/drcristinavaduva.com\/wp-content\/uploads\/2025\/07\/2148803490.jpg 1000w, https:\/\/drcristinavaduva.com\/wp-content\/uploads\/2025\/07\/2148803490-300x126.jpg 300w, https:\/\/drcristinavaduva.com\/wp-content\/uploads\/2025\/07\/2148803490-768x322.jpg 768w, https:\/\/drcristinavaduva.com\/wp-content\/uploads\/2025\/07\/2148803490-18x8.jpg 18w\" sizes=\"(max-width: 1000px) 100vw, 1000px\" \/><\/figure>\n\n\n\n<p>Alrededor de los 7 a 10 d\u00edas, los puntos suelen retirarse en consulta si no se usan materiales reabsorbibles. El aspecto mejora visiblemente cada d\u00eda, disminuyendo la inflamaci\u00f3n y morados. En casos de piel muy gruesa, tendencia a la retenci\u00f3n de l\u00edquido o antecedentes de tabaquismo, la recuperaci\u00f3n puede ser algo m\u00e1s lenta, pero la mayor\u00eda de las personas pueden reincorporarse a sus rutinas sociales y laborales a partir de la segunda semana.<\/p>\n\n\n\n<h2 class=\"wp-block-heading\" id=\"cuidados-indispensables-para-un-buen-postoperatori\">Cuidados indispensables para un buen postoperatorio de la operaci\u00f3n de p\u00e1rpados ca\u00eddos<\/h2>\n\n\n\n<p>La clave de una recuperaci\u00f3n de \u00e9xito tras la operaci\u00f3n de p\u00e1rpados ca\u00eddos reside en la atenci\u00f3n a los peque\u00f1os detalles y la disciplina con los cuidados sugeridos. Es fundamental aplicar compresas fr\u00edas durante las primeras 24-48 horas para reducir la inflamaci\u00f3n y acelerar la desaparici\u00f3n de hematomas. Conviene colocar las compresas envueltas en un pa\u00f1o limpio, evitando el contacto directo del hielo con la piel para prevenir quemaduras.<\/p>\n\n\n\n<p>El descanso con la cabeza elevada \u2014usando dos almohadas, o tres incluso\u2014 es muy importante, ya que ayuda a disminuir la hinchaz\u00f3n y favorece la cicatrizaci\u00f3n. El reposo relativo, sin hacer esfuerzo f\u00edsico, levantar peso ni inclinar la cabeza, evita aumentos de presi\u00f3n en la zona operada. No se recomienda agacharse, practicar deportes ni ba\u00f1arse en piscinas hasta ser autorizado por el m\u00e9dico.<\/p>\n\n\n\n<p>El uso riguroso de la medicaci\u00f3n prescrita, como l\u00e1grimas artificiales y pomadas oft\u00e1lmicas sobre las incisiones, resulta clave para el alivio de molestias y la prevenci\u00f3n de infecciones. Mantener una higiene adecuada de la zona, siguiendo las indicaciones del especialista para los lavados y limpieza, es vital durante los primeros d\u00edas. Por \u00faltimo, proteger los ojos de la luz directa, utilizando gafas de sol, y evitar la exposici\u00f3n solar contribuyen a una mejor cicatrizaci\u00f3n y reducen el riesgo de marcas visibles.<\/p>\n\n\n\n<h2 class=\"wp-block-heading\" id=\"tiempos-de-recuperacin-tras-la-blefaroplastia-supe\">Tiempos de recuperaci\u00f3n tras la blefaroplastia superior<\/h2>\n\n\n\n<p>Uno de los grandes atractivos de la <a href=\"https:\/\/drcristinavaduva.com\/ro\/blefaroplastia-superior\/\" target=\"_blank\" rel=\"noreferrer noopener\">blefaroplastia superior<\/a> es la velocidad del proceso de recuperaci\u00f3n. Por lo general, las molestias y la inflamaci\u00f3n se reducen notablemente durante las primeras 48-72 horas. La mayor\u00eda de los pacientes pueden retomar una vida social y actividades cotidianas ligeras en un plazo de 5 a 7 d\u00edas, conservando todav\u00eda cierta inflamaci\u00f3n que disminuye en una semana m\u00e1s.<\/p>\n\n\n\n<p>El cierre y cicatrizaci\u00f3n de la herida suele completarse entre 10 y 15 d\u00edas, momento en el que la piel regresa a su color natural y las peque\u00f1as costras desaparecen. La reincorporaci\u00f3n al trabajo, especialmente si no implica esfuerzo f\u00edsico intenso, es posible tras la primera semana, aunque cada caso debe ser valorado de forma individualizada seg\u00fan el ritmo de evoluci\u00f3n.<\/p>\n\n\n\n<p>La recuperaci\u00f3n est\u00e9tica completa puede tardar entre 3 y 6 semanas, dependiendo del tipo de piel, la edad, los h\u00e1bitos y la respuesta personal. En la mayor\u00eda de los casos, el resultado final es pr\u00e1cticamente imperceptible al cabo de un mes, llegando a la estabilizaci\u00f3n total a los 2 o 3 meses tras la cirug\u00eda.<\/p>\n\n\n\n<h3 class=\"wp-block-heading\" id=\"sntomas-normales-y-seales-de-alerta-tras-la-ciruga\">S\u00edntomas normales y se\u00f1ales de cuidado durante el postoperatorio de la operaci\u00f3n de p\u00e1rpados ca\u00eddos<\/h3>\n\n\n\n<p>La aparici\u00f3n de molestias leves los siguientes d\u00edas de la cirug\u00eda como: enrojecimiento, picor, visi\u00f3n borrosa pasajera y cierta sequedad ocular son s\u00edntomas frecuentes y suelen remitir r\u00e1pidamente. Los hematomas son habituales, especialmente en personas con tendencia a retener l\u00edquidos o piel sensible, y evolucionan hacia la resoluci\u00f3n total en pocos d\u00edas. <\/p>\n\n\n\n<figure class=\"wp-block-image size-full\"><img decoding=\"async\" width=\"1000\" height=\"417\" src=\"https:\/\/drcristinavaduva.com\/wp-content\/uploads\/2025\/07\/2148672268.jpg\" alt=\"\" class=\"wp-image-3112\" srcset=\"https:\/\/drcristinavaduva.com\/wp-content\/uploads\/2025\/07\/2148672268.jpg 1000w, https:\/\/drcristinavaduva.com\/wp-content\/uploads\/2025\/07\/2148672268-300x125.jpg 300w, https:\/\/drcristinavaduva.com\/wp-content\/uploads\/2025\/07\/2148672268-768x320.jpg 768w, https:\/\/drcristinavaduva.com\/wp-content\/uploads\/2025\/07\/2148672268-18x8.jpg 18w\" sizes=\"(max-width: 1000px) 100vw, 1000px\" \/><\/figure>\n\n\n\n<p>Durante el postoperatorio de una operaci\u00f3n de p\u00e1rpados ca\u00eddos, es importante vigilar cualquier signo anormal como dolor intenso que no cede con analg\u00e9sicos. Otros signos de cuidado son: inflamaci\u00f3n creciente, fiebre, secreci\u00f3n purulenta o disminuci\u00f3n s\u00fabita de la visi\u00f3n.<\/p>\n\n\n\n<p>En estos casos, debe consultarse de inmediato al cirujano para descartar complicaciones poco frecuentes como infecciones, hemorragia severa o reacciones adversas. Una revisi\u00f3n m\u00e9dica y el contacto estrecho con la especialista son la mejor garant\u00eda para resolver cualquier duda y actuar r\u00e1pido ante los imprevistos.<\/p>\n\n\n\n<h3 class=\"wp-block-heading\" id=\"consejos-para-retomar-la-vida-normal-y-potenciar-l\">Consejos para potenciar la recuperaci\u00f3n<\/h3>\n\n\n\n<p>Un retorno progresivo a las actividades habituales favorece la recuperaci\u00f3n f\u00edsica y emocional tras la <a href=\"https:\/\/drcristinavaduva.com\/ro\/blefaroplastia-superior\/\" target=\"_blank\" rel=\"noreferrer noopener\">blefaroplastia<\/a>. Es recomendable priorizar las tareas ligeras y evitar el estr\u00e9s, el ejercicio vigoroso, ambientes con polvo, humo o agentes irritantes por al menos dos semanas. El uso de gafas de sol grandes ayudar\u00e1 a proteger las cicatrices de la radiaci\u00f3n UV y minimizar\u00e1 el riesgo de pigmentaci\u00f3n residual.<\/p>\n\n\n\n<p>La aplicaci\u00f3n de cremas hidratantes recomendadas por el cirujano, una alimentaci\u00f3n equilibrada, la adecuada hidrataci\u00f3n y evitar el consumo de tabaco aceleran el proceso de regeneraci\u00f3n y contribuyen a la m\u00ednima visibilidad de las cicatrices. El seguimiento de los controles m\u00e9dicos regulares permitir\u00e1 evaluar la evoluci\u00f3n y resolver cualquier inquietud sobre est\u00e9tica o funcionalidad de los p\u00e1rpados en los meses siguientes.<\/p>\n\n\n\n<h2 class=\"wp-block-heading\" id=\"preguntas-frecuentes-sobre-el-postoperatorio-de-la\">Preguntas frecuentes sobre el postoperatorio de la blefaroplastia superior<\/h2>\n\n\n\n<h3 class=\"wp-block-heading\"><strong>\u00bfCu\u00e1ndo puedo maquillarme o usar cremas en los p\u00e1rpados?<\/strong><\/h3>\n\n\n\n<p>Generalmente, el m\u00e9dico permitir\u00e1 volver al maquillaje y cosm\u00e9ticos habituales en la zona despu\u00e9s de 10-15 d\u00edas, cuando las heridas hayan cicatrizado completamente y no haya inflamaci\u00f3n visible.<\/p>\n\n\n\n<h3 class=\"wp-block-heading\"><strong>\u00bfTendr\u00e9 una cicatriz visible despu\u00e9s de la recuperaci\u00f3n?<\/strong><\/h3>\n\n\n\n<p>Las cicatrices suelen ser finas y quedan disimuladas en el pliegue natural del p\u00e1rpado. Con los cuidados indicados y protecci\u00f3n solar, en la mayor\u00eda de los casos son casi imperceptibles tras algunas semanas o meses.<\/p>\n\n\n\n<h3 class=\"wp-block-heading\"><strong>\u00bfPuedo usar lentes de contacto tras la blefaroplastia superior?<\/strong><\/h3>\n\n\n\n<p>Se aconseja esperar al menos dos semanas o hasta que la incomodidad, la sequedad o la inflamaci\u00f3n hayan desaparecido antes de volver a utilizarlos, siempre bajo la indicaci\u00f3n del especialista.<\/p>\n\n\n\n<h4 class=\"wp-block-heading\" id=\"rejuvenece-tu-mirada-en-manos-expertas-blefaroplas\">Rejuvenece tu mirada en manos expertas: blefaroplastia superior en Madrid<\/h4>\n\n\n\n<p>La operaci\u00f3n de p\u00e1rpados ca\u00eddos permite recuperar una mirada abierta, joven y descansada, con una recuperaci\u00f3n r\u00e1pida y m\u00ednimas molestias si se siguen los cuidados recomendados. En Madrid, la Dra. Cristina Vaduva ofrece un enfoque personalizado, acompa\u00f1amiento profesional y los mejores resultados en blefaroplastia superior. <a href=\"https:\/\/api.whatsapp.com\/send\/?phone=34624583892&amp;text&amp;type=phone_number&amp;app_absent=0\" target=\"_blank\" rel=\"noreferrer noopener\">Reserva tu evaluaci\u00f3n ahora<\/a> para resolver dudas, acceder a un postoperatorio seguro y lograr la expresi\u00f3n renovada que deseas.<\/p>","protected":false},"excerpt":{"rendered":"<p>La blefaroplastia superior es una de las intervenciones m\u00e1s solicitadas para rejuvenecer la mirada y corregir el exceso de piel que afecta la apertura ocular o da un aspecto cansado. M\u00e1s all\u00e1 de los resultados est\u00e9ticos y funcionales, el \u00e9xito de la operaci\u00f3n para p\u00e1rpados ca\u00eddos depende en gran parte de un postoperatorio responsable. Si &hellip;<\/p>\n<p class=\"read-more\"> <a class=\"\" href=\"https:\/\/drcristinavaduva.com\/ro\/postoperatorio-de-la-operacion-de-parpados-caidos\/\"> <span class=\"screen-reader-text\">Postoperatorio de la operaci\u00f3n de p\u00e1rpados ca\u00eddos: cuidados y tiempos de recuperaci\u00f3n reales<\/span> Read More &raquo;<\/a><\/p>","protected":false},"author":2,"featured_media":3111,"comment_status":"open","ping_status":"open","sticky":false,"template":"","format":"standard","meta":{"site-sidebar-layout":"default","site-content-layout":"default","ast-global-header-display":"","ast-banner-title-visibility":"","ast-main-header-display":"","ast-hfb-above-header-display":"","ast-hfb-below-header-display":"","ast-hfb-mobile-header-display":"","site-post-title":"","ast-breadcrumbs-content":"","ast-featured-img":"","footer-sml-layout":"","theme-transparent-header-meta":"","adv-header-id-meta":"","stick-header-meta":"","header-above-stick-meta":"","header-main-stick-meta":"","header-below-stick-meta":"","footnotes":""},"categories":[1],"tags":[],"class_list":["post-3107","post","type-post","status-publish","format-standard","has-post-thumbnail","hentry","category-uncategorized"],"yoast_head":"<!-- This site is optimized with the Yoast SEO plugin v21.2 - https:\/\/yoast.com\/wordpress\/plugins\/seo\/ -->\n<title>Postoperatorio de la operaci\u00f3n de p\u00e1rpados ca\u00eddos | Dra. Vaduva<\/title>\n<meta name=\"description\" content=\"\u00bfEst\u00e1s por hacerte una blefaroplastia? Te interesar\u00e1 saber m\u00e1s sobre el postoperatorio de la operaci\u00f3n para p\u00e1rpados ca\u00eddos en este art\u00edculo.\" \/>\n<meta name=\"robots\" content=\"index, follow, max-snippet:-1, max-image-preview:large, max-video-preview:-1\" \/>\n<link rel=\"canonical\" href=\"https:\/\/drcristinavaduva.com\/ro\/postoperatorio-de-la-operacion-de-parpados-caidos\/\" \/>\n<meta property=\"og:locale\" content=\"ro_RO\" \/>\n<meta property=\"og:type\" content=\"article\" \/>\n<meta property=\"og:title\" content=\"Postoperatorio de la operaci\u00f3n de p\u00e1rpados ca\u00eddos | Dra. Vaduva\" \/>\n<meta property=\"og:description\" content=\"\u00bfEst\u00e1s por hacerte una blefaroplastia? Te interesar\u00e1 saber m\u00e1s sobre el postoperatorio de la operaci\u00f3n para p\u00e1rpados ca\u00eddos en este art\u00edculo.\" \/>\n<meta property=\"og:url\" content=\"https:\/\/drcristinavaduva.com\/ro\/postoperatorio-de-la-operacion-de-parpados-caidos\/\" \/>\n<meta property=\"og:site_name\" content=\"Dra Cristina Vaduva\" \/>\n<meta property=\"article:published_time\" content=\"2025-07-28T03:53:55+00:00\" \/>\n<meta property=\"article:modified_time\" content=\"2025-07-28T03:53:56+00:00\" \/>\n<meta property=\"og:image\" content=\"https:\/\/drcristinavaduva.com\/wp-content\/uploads\/2025\/07\/2149457640.jpg\" \/>\n\t<meta property=\"og:image:width\" content=\"1000\" \/>\n\t<meta property=\"og:image:height\" content=\"667\" \/>\n\t<meta property=\"og:image:type\" content=\"image\/jpeg\" \/>\n<meta name=\"author\" content=\"Ana\" \/>\n<meta name=\"twitter:card\" content=\"summary_large_image\" \/>\n<meta name=\"twitter:label1\" content=\"Scris de\" \/>\n\t<meta name=\"twitter:data1\" content=\"Ana\" \/>\n\t<meta name=\"twitter:label2\" content=\"Timp estimat pentru citire\" \/>\n\t<meta name=\"twitter:data2\" content=\"6 minute\" \/>\n<script type=\"application\/ld+json\" class=\"yoast-schema-graph\">{\"@context\":\"https:\/\/schema.org\",\"@graph\":[{\"@type\":\"WebPage\",\"@id\":\"https:\/\/drcristinavaduva.com\/postoperatorio-de-la-operacion-de-parpados-caidos\/\",\"url\":\"https:\/\/drcristinavaduva.com\/postoperatorio-de-la-operacion-de-parpados-caidos\/\",\"name\":\"Postoperatorio de la operaci\u00f3n de p\u00e1rpados ca\u00eddos | Dra. Vaduva\",\"isPartOf\":{\"@id\":\"https:\/\/drcristinavaduva.com\/#website\"},\"datePublished\":\"2025-07-28T03:53:55+00:00\",\"dateModified\":\"2025-07-28T03:53:56+00:00\",\"author\":{\"@id\":\"https:\/\/drcristinavaduva.com\/#\/schema\/person\/95f2e78bc1ea95dee6010d3c27548170\"},\"description\":\"\u00bfEst\u00e1s por hacerte una blefaroplastia? Te interesar\u00e1 saber m\u00e1s sobre el postoperatorio de la operaci\u00f3n para p\u00e1rpados ca\u00eddos en este art\u00edculo.\",\"breadcrumb\":{\"@id\":\"https:\/\/drcristinavaduva.com\/postoperatorio-de-la-operacion-de-parpados-caidos\/#breadcrumb\"},\"inLanguage\":\"ro-RO\",\"potentialAction\":[{\"@type\":\"ReadAction\",\"target\":[\"https:\/\/drcristinavaduva.com\/postoperatorio-de-la-operacion-de-parpados-caidos\/\"]}]},{\"@type\":\"BreadcrumbList\",\"@id\":\"https:\/\/drcristinavaduva.com\/postoperatorio-de-la-operacion-de-parpados-caidos\/#breadcrumb\",\"itemListElement\":[{\"@type\":\"ListItem\",\"position\":1,\"name\":\"Portada\",\"item\":\"https:\/\/drcristinavaduva.com\/\"},{\"@type\":\"ListItem\",\"position\":2,\"name\":\"Postoperatorio de la operaci\u00f3n de p\u00e1rpados ca\u00eddos: cuidados y tiempos de recuperaci\u00f3n reales\"}]},{\"@type\":\"WebSite\",\"@id\":\"https:\/\/drcristinavaduva.com\/#website\",\"url\":\"https:\/\/drcristinavaduva.com\/\",\"name\":\"Dra Cristina Vaduva\",\"description\":\"\",\"potentialAction\":[{\"@type\":\"SearchAction\",\"target\":{\"@type\":\"EntryPoint\",\"urlTemplate\":\"https:\/\/drcristinavaduva.com\/?s={search_term_string}\"},\"query-input\":\"required name=search_term_string\"}],\"inLanguage\":\"ro-RO\"},{\"@type\":\"Person\",\"@id\":\"https:\/\/drcristinavaduva.com\/#\/schema\/person\/95f2e78bc1ea95dee6010d3c27548170\",\"name\":\"Ana\",\"image\":{\"@type\":\"ImageObject\",\"inLanguage\":\"ro-RO\",\"@id\":\"https:\/\/drcristinavaduva.com\/#\/schema\/person\/image\/\",\"url\":\"https:\/\/secure.gravatar.com\/avatar\/d1840ae14902e8e3bfcc36c2673930ef50ff09f785d2c339c8c9c57fb40576bf?s=96&d=mm&r=g\",\"contentUrl\":\"https:\/\/secure.gravatar.com\/avatar\/d1840ae14902e8e3bfcc36c2673930ef50ff09f785d2c339c8c9c57fb40576bf?s=96&d=mm&r=g\",\"caption\":\"Ana\"},\"url\":\"https:\/\/drcristinavaduva.com\/ro\/author\/ana\/\"}]}<\/script>\n<!-- \/ Yoast SEO plugin. -->","yoast_head_json":{"title":"Postoperatorio de la operaci\u00f3n de p\u00e1rpados ca\u00eddos | Dra. Vaduva","description":"\u00bfEst\u00e1s por hacerte una blefaroplastia? Te interesar\u00e1 saber m\u00e1s sobre el postoperatorio de la operaci\u00f3n para p\u00e1rpados ca\u00eddos en este art\u00edculo.","robots":{"index":"index","follow":"follow","max-snippet":"max-snippet:-1","max-image-preview":"max-image-preview:large","max-video-preview":"max-video-preview:-1"},"canonical":"https:\/\/drcristinavaduva.com\/ro\/postoperatorio-de-la-operacion-de-parpados-caidos\/","og_locale":"ro_RO","og_type":"article","og_title":"Postoperatorio de la operaci\u00f3n de p\u00e1rpados ca\u00eddos | Dra. Vaduva","og_description":"\u00bfEst\u00e1s por hacerte una blefaroplastia? Te interesar\u00e1 saber m\u00e1s sobre el postoperatorio de la operaci\u00f3n para p\u00e1rpados ca\u00eddos en este art\u00edculo.","og_url":"https:\/\/drcristinavaduva.com\/ro\/postoperatorio-de-la-operacion-de-parpados-caidos\/","og_site_name":"Dra Cristina Vaduva","article_published_time":"2025-07-28T03:53:55+00:00","article_modified_time":"2025-07-28T03:53:56+00:00","og_image":[{"width":1000,"height":667,"url":"https:\/\/drcristinavaduva.com\/wp-content\/uploads\/2025\/07\/2149457640.jpg","type":"image\/jpeg"}],"author":"Ana","twitter_card":"summary_large_image","twitter_misc":{"Scris de":"Ana","Timp estimat pentru citire":"6 minute"},"schema":{"@context":"https:\/\/schema.org","@graph":[{"@type":"WebPage","@id":"https:\/\/drcristinavaduva.com\/postoperatorio-de-la-operacion-de-parpados-caidos\/","url":"https:\/\/drcristinavaduva.com\/postoperatorio-de-la-operacion-de-parpados-caidos\/","name":"Postoperatorio de la operaci\u00f3n de p\u00e1rpados ca\u00eddos | Dra. Vaduva","isPartOf":{"@id":"https:\/\/drcristinavaduva.com\/#website"},"datePublished":"2025-07-28T03:53:55+00:00","dateModified":"2025-07-28T03:53:56+00:00","author":{"@id":"https:\/\/drcristinavaduva.com\/#\/schema\/person\/95f2e78bc1ea95dee6010d3c27548170"},"description":"\u00bfEst\u00e1s por hacerte una blefaroplastia? Te interesar\u00e1 saber m\u00e1s sobre el postoperatorio de la operaci\u00f3n para p\u00e1rpados ca\u00eddos en este art\u00edculo.","breadcrumb":{"@id":"https:\/\/drcristinavaduva.com\/postoperatorio-de-la-operacion-de-parpados-caidos\/#breadcrumb"},"inLanguage":"ro-RO","potentialAction":[{"@type":"ReadAction","target":["https:\/\/drcristinavaduva.com\/postoperatorio-de-la-operacion-de-parpados-caidos\/"]}]},{"@type":"BreadcrumbList","@id":"https:\/\/drcristinavaduva.com\/postoperatorio-de-la-operacion-de-parpados-caidos\/#breadcrumb","itemListElement":[{"@type":"ListItem","position":1,"name":"Portada","item":"https:\/\/drcristinavaduva.com\/"},{"@type":"ListItem","position":2,"name":"Postoperatorio de la operaci\u00f3n de p\u00e1rpados ca\u00eddos: cuidados y tiempos de recuperaci\u00f3n reales"}]},{"@type":"WebSite","@id":"https:\/\/drcristinavaduva.com\/#website","url":"https:\/\/drcristinavaduva.com\/","name":"Dra Cristina Vaduva","description":"","potentialAction":[{"@type":"SearchAction","target":{"@type":"EntryPoint","urlTemplate":"https:\/\/drcristinavaduva.com\/?s={search_term_string}"},"query-input":"required name=search_term_string"}],"inLanguage":"ro-RO"},{"@type":"Person","@id":"https:\/\/drcristinavaduva.com\/#\/schema\/person\/95f2e78bc1ea95dee6010d3c27548170","name":"Ana","image":{"@type":"ImageObject","inLanguage":"ro-RO","@id":"https:\/\/drcristinavaduva.com\/#\/schema\/person\/image\/","url":"https:\/\/secure.gravatar.com\/avatar\/d1840ae14902e8e3bfcc36c2673930ef50ff09f785d2c339c8c9c57fb40576bf?s=96&d=mm&r=g","contentUrl":"https:\/\/secure.gravatar.com\/avatar\/d1840ae14902e8e3bfcc36c2673930ef50ff09f785d2c339c8c9c57fb40576bf?s=96&d=mm&r=g","caption":"Ana"},"url":"https:\/\/drcristinavaduva.com\/ro\/author\/ana\/"}]}},"_links":{"self":[{"href":"https:\/\/drcristinavaduva.com\/ro\/wp-json\/wp\/v2\/posts\/3107","targetHints":{"allow":["GET"]}}],"collection":[{"href":"https:\/\/drcristinavaduva.com\/ro\/wp-json\/wp\/v2\/posts"}],"about":[{"href":"https:\/\/drcristinavaduva.com\/ro\/wp-json\/wp\/v2\/types\/post"}],"author":[{"embeddable":true,"href":"https:\/\/drcristinavaduva.com\/ro\/wp-json\/wp\/v2\/users\/2"}],"replies":[{"embeddable":true,"href":"https:\/\/drcristinavaduva.com\/ro\/wp-json\/wp\/v2\/comments?post=3107"}],"version-history":[{"count":4,"href":"https:\/\/drcristinavaduva.com\/ro\/wp-json\/wp\/v2\/posts\/3107\/revisions"}],"predecessor-version":[{"id":3114,"href":"https:\/\/drcristinavaduva.com\/ro\/wp-json\/wp\/v2\/posts\/3107\/revisions\/3114"}],"wp:featuredmedia":[{"embeddable":true,"href":"https:\/\/drcristinavaduva.com\/ro\/wp-json\/wp\/v2\/media\/3111"}],"wp:attachment":[{"href":"https:\/\/drcristinavaduva.com\/ro\/wp-json\/wp\/v2\/media?parent=3107"}],"wp:term":[{"taxonomy":"category","embeddable":true,"href":"https:\/\/drcristinavaduva.com\/ro\/wp-json\/wp\/v2\/categories?post=3107"},{"taxonomy":"post_tag","embeddable":true,"href":"https:\/\/drcristinavaduva.com\/ro\/wp-json\/wp\/v2\/tags?post=3107"}],"curies":[{"name":"wp","href":"https:\/\/api.w.org\/{rel}","templated":true}]}}