{"id":2959,"date":"2025-05-25T21:23:46","date_gmt":"2025-05-25T21:23:46","guid":{"rendered":"https:\/\/drcristinavaduva.com\/?p=2959"},"modified":"2025-05-25T21:23:47","modified_gmt":"2025-05-25T21:23:47","slug":"problemas-de-sueno-en-ninos","status":"publish","type":"post","link":"https:\/\/drcristinavaduva.com\/ro\/problemas-de-sueno-en-ninos\/","title":{"rendered":"Problemas de sue\u00f1o en ni\u00f1os: se\u00f1ales de alerta y soluciones desde la otorrinolaringolog\u00eda"},"content":{"rendered":"<p>Dormir es, sin duda alguna, fundamental para el buen desarrollo y bienestar de los ni\u00f1os. Pero, cuando aparecen problemas para dormir, las consecuencias afectan no solo su salud f\u00edsica, sino su comportamiento, rendimiento escolar y calidad de vida. Reconocer a tiempo las se\u00f1ales de alerta y entender las posibles causas es clave para intervenir adecuadamente. En este art\u00edculo, vamos a explorar c\u00f3mo identificar los problemas de sue\u00f1o en ni\u00f1os y qu\u00e9 papel juega la otorrinolaringolog\u00eda en su diagn\u00f3stico y tratamiento.<\/p>\n\n\n\n<p>Con la Dra. Cristina Vaduva, adem\u00e1s, te describimos qu\u00e9 soluciones efectivas existen para que los m\u00e1s peque\u00f1os puedan descansar bien y crecer sanos.<\/p>\n\n\n\n<h2 class=\"wp-block-heading\" id=\"por-qu-es-tan-importante-el-sueo-en-la-infancia\">\u00bfPor qu\u00e9 es tan importante el sue\u00f1o en la infancia?<\/h2>\n\n\n\n<p>Durante la infancia, el sue\u00f1o cumple funciones esenciales para el crecimiento, la consolidaci\u00f3n de la memoria, el aprendizaje y el equilibrio emocional. Cuando un ni\u00f1o no duerme lo suficiente o lo hace de forma interrumpida, puede presentar dificultades para concentrarse. Con el tiempo desarrollar\u00e1 irritabilidad, bajo rendimiento acad\u00e9mico y problemas de comportamiento.<\/p>\n\n\n\n<figure class=\"wp-block-image size-full\"><img fetchpriority=\"high\" decoding=\"async\" width=\"800\" height=\"533\" src=\"https:\/\/drcristinavaduva.com\/wp-content\/uploads\/2025\/05\/pexels-cottonbro-6670074.jpg\" alt=\"\" class=\"wp-image-2962\" srcset=\"https:\/\/drcristinavaduva.com\/wp-content\/uploads\/2025\/05\/pexels-cottonbro-6670074.jpg 800w, https:\/\/drcristinavaduva.com\/wp-content\/uploads\/2025\/05\/pexels-cottonbro-6670074-300x200.jpg 300w, https:\/\/drcristinavaduva.com\/wp-content\/uploads\/2025\/05\/pexels-cottonbro-6670074-768x512.jpg 768w, https:\/\/drcristinavaduva.com\/wp-content\/uploads\/2025\/05\/pexels-cottonbro-6670074-18x12.jpg 18w\" sizes=\"(max-width: 800px) 100vw, 800px\" \/><\/figure>\n\n\n\n<p>Adem\u00e1s, la falta de sue\u00f1o adecuado afecta el sistema inmunol\u00f3gico, aumentando la susceptibilidad a enfermedades. Por eso, garantizar un sue\u00f1o reparador es una prioridad en cualquier familia, sobre todo para los m\u00e1s peque\u00f1os. No siempre es f\u00e1cil identificar cu\u00e1ndo un ni\u00f1o tiene un trastorno del sue\u00f1o, ya que los s\u00edntomas pueden ser sutiles o confundirse con otras condiciones.<\/p>\n\n\n\n<h2 class=\"wp-block-heading\" id=\"seales-de-alerta-que-indican-problemas-de-sueo-en\">Se\u00f1ales de alerta que indican problemas de sue\u00f1o en ni\u00f1os<\/h2>\n\n\n\n<p>Aunque cada ni\u00f1o tiene un patr\u00f3n de sue\u00f1o diferente, existen se\u00f1ales que pueden indicar que algo no est\u00e1 funcionando bien. Puede ser m\u00e1s f\u00e1cil de identificar problemas de sue\u00f1o en tus ni\u00f1os prestando atenci\u00f3n a los siguientes comportamientos: <\/p>\n\n\n\n<ul class=\"wp-block-list\">\n<li>Tu hijo tarda m\u00e1s de 20 minutos en quedarse dormido<\/li>\n\n\n\n<li>El peque\u00f1o se despierta repetidamente durante la noche o tiene dificultades para levantarse por la ma\u00f1ana<\/li>\n\n\n\n<li>Durante el d\u00eda puede presentar somnolencia excesiva e irritabilidad<\/li>\n\n\n\n<li>Tiene episodios de hiperactividad, dificultad para concentrarse y bajo rendimiento escolar. <\/li>\n\n\n\n<li>Tu hijo presenta dolores de cabeza matutinos de manera frecuente.<\/li>\n\n\n\n<li>Tambi\u00e9n es com\u00fan que los ni\u00f1os con problemas para dormir eviten ir a la cama, inventando excusas para retrasar la hora de dormir.<\/li>\n<\/ul>\n\n\n\n<p>Si observas alguno de estos signos, es importante que consultes con un especialista para evaluar la situaci\u00f3n y buscar soluciones.<\/p>\n\n\n\n<h2 class=\"wp-block-heading\" id=\"trastornos-del-sueo-relacionados-con-la-otorrinola\">Problemas del sue\u00f1o en ni\u00f1os relacionados con ORL<\/h2>\n\n\n\n<p>Muchas veces, los problemas de sue\u00f1o en ni\u00f1os est\u00e1n relacionados con alteraciones en las v\u00edas respiratorias superiores. Es por eso que la otorrinolaringolog\u00eda juega un papel fundamental en su diagn\u00f3stico y tratamiento. Por ejemplo, la <a href=\"https:\/\/drcristinavaduva.com\/ro\/consulta-de-sueno\/\" target=\"_blank\" rel=\"noreferrer noopener\">apnea obstructiva del sue\u00f1o infantil<\/a> es una condici\u00f3n en la que las v\u00edas a\u00e9reas se bloquean parcial o totalmente durante el sue\u00f1o. Esto termina provocando despertares frecuentes y una mala calidad del descanso de los chicos.<\/p>\n\n\n\n<p>La hipertrofia de adenoides y am\u00edgdalas es una de las causas m\u00e1s comunes de obstrucci\u00f3n respiratoria en ni\u00f1os, y puede generar ronquidos, respiraci\u00f3n bucal y episodios de apnea. Estos problemas no solo interrumpen el sue\u00f1o, sino que tambi\u00e9n pueden afectar el desarrollo facial y la funci\u00f3n cognitiva. Adem\u00e1s, alergias nasales, desviaci\u00f3n del tabique y otras patolog\u00edas otorrinolaringol\u00f3gicas pueden contribuir a dificultades para respirar bien durante la noche, empeorando la calidad del sue\u00f1o.<\/p>\n\n\n\n<h2 class=\"wp-block-heading\" id=\"cmo-la-otorrinolaringologa-puede-ayudar-a-mejorar\">C\u00f3mo la otorrinolaringolog\u00eda puede ayudar a mejorar el sue\u00f1o infantil<\/h2>\n\n\n\n<p>El especialista en ORL es quien puede evaluar de forma integral las v\u00edas respiratorias para identificar si existe alguna obstrucci\u00f3n o alteraci\u00f3n que afecta el sue\u00f1o. Mediante exploraciones f\u00edsicas en <a href=\"https:\/\/drcristinavaduva.com\/ro\/consulta-de-sueno\/\" target=\"_blank\" rel=\"noreferrer noopener\">consulta<\/a>, as\u00ed como estudios de imagen y pruebas espec\u00edficas, se determina la causa exacta del problema. En muchos casos, el tratamiento puede incluir desde el control de alergias y fisioterapia respiratoria, hasta intervenciones quir\u00fargicas espec\u00edficas.<\/p>\n\n\n\n<p>Estas suelen recomendarse en ni\u00f1os con adenoides o am\u00edgdalas de gran tama\u00f1o para reducirlas y evitar obstrucciones. Estas soluciones suelen mejorar significativamente la respiraci\u00f3n nocturna y, por ende, la calidad del sue\u00f1o. Adem\u00e1s, el seguimiento por parte del otorrinolaring\u00f3logo permite controlar la evoluci\u00f3n y prevenir complicaciones a largo plazo.<\/p>\n\n\n\n<h2 class=\"wp-block-heading\" id=\"estrategias-complementarias-para-mejorar-el-sueo-e\">Estrategias complementarias para mejorar el sue\u00f1o en ni\u00f1os<\/h2>\n\n\n\n<figure class=\"wp-block-image size-full\"><img decoding=\"async\" width=\"1000\" height=\"668\" src=\"https:\/\/drcristinavaduva.com\/wp-content\/uploads\/2025\/05\/2149415964.jpg\" alt=\"\" class=\"wp-image-2960\" srcset=\"https:\/\/drcristinavaduva.com\/wp-content\/uploads\/2025\/05\/2149415964.jpg 1000w, https:\/\/drcristinavaduva.com\/wp-content\/uploads\/2025\/05\/2149415964-300x200.jpg 300w, https:\/\/drcristinavaduva.com\/wp-content\/uploads\/2025\/05\/2149415964-768x513.jpg 768w, https:\/\/drcristinavaduva.com\/wp-content\/uploads\/2025\/05\/2149415964-18x12.jpg 18w\" sizes=\"(max-width: 1000px) 100vw, 1000px\" \/><\/figure>\n\n\n\n<p>Adem\u00e1s del tratamiento m\u00e9dico, existen h\u00e1bitos y rutinas que pueden favorecer un sue\u00f1o saludable en los ni\u00f1os. Las m\u00e1s efectivas son establecer horarios regulares para acostarse, as\u00ed como crear un ambiente tranquilo y oscuro en la habitaci\u00f3n. Por supuesto, evitar el uso de pantallas antes de dormir tambi\u00e9n puede ayudar a preparar el cuerpo para el descanso.<\/p>\n\n\n\n<p>Tambi\u00e9n es importante limitar las siestas excesivas durante el d\u00eda y promover la actividad f\u00edsica adecuada, que contribuye a un sue\u00f1o m\u00e1s profundo y reparador. En conjunto con la atenci\u00f3n m\u00e9dica especializada, estas estrategias potencian los resultados y ayudan a que el ni\u00f1o recupere un patr\u00f3n de sue\u00f1o normal.<\/p>\n\n\n\n<h2 class=\"wp-block-heading\" id=\"cundo-es-necesario-acudir-a-una-consulta-especiali\">Cu\u00e1ndo es necesario acudir a una consulta especializada<\/h2>\n\n\n\n<p>\u00bfHas notado que tu hijo presenta ronquidos frecuentes, respiraci\u00f3n por la boca y despertares nocturnos constantes? \u00bfO s\u00edntomas diurnos como somnolencia excesiva, irritabilidad y problemas de concentraci\u00f3n? En ese caso, es momento de buscar ayuda profesional. La <a href=\"https:\/\/drcristinavaduva.com\/ro\/consulta-de-sueno\/\" target=\"_blank\" rel=\"noreferrer noopener\">evaluaci\u00f3n con un especialista<\/a> en trastornos del sue\u00f1o infantil es fundamental para un diagn\u00f3stico preciso y un tratamiento adecuado. En consulta, se realizar\u00e1 una evaluaci\u00f3n completa y se dise\u00f1ar\u00e1 un plan personalizado para abordar las causas del problema. A trav\u00e9s del tratamiento se ir\u00e1 mejorando la calidad de sue\u00f1o en tu peque\u00f1o.<\/p>\n\n\n\n<h2 class=\"wp-block-heading\" id=\"por-qu-elegir-una-clnica-especializada-en-trastorn\">Por qu\u00e9 elegir una cl\u00ednica especializada en trastornos del sue\u00f1o infantil<\/h2>\n\n\n\n<p>Un equipo con experiencia en el diagn\u00f3stico y tratamiento de los problemas de sue\u00f1o en ni\u00f1os es clave para obtener resultados efectivos. En la <a href=\"https:\/\/drcristinavaduva.com\/ro\/consulta-de-sueno\/\" target=\"_blank\" rel=\"noreferrer noopener\">consulta de sue\u00f1o<\/a> especializada de la Dra. Cristina Vaduva se ofrece un enfoque integral para abordar de manera \u00fanica a cada paciente. Podr\u00e1s encontrar acompa\u00f1amiento cercano, tecnolog\u00eda avanzada y atenci\u00f3n adaptada a las necesidades de tu peque\u00f1o. Cada uno de estos aspectos garantiza un tratamiento seguro y eficaz, que mejora no solo el sue\u00f1o, sino tambi\u00e9n el desarrollo y bienestar general.<\/p>\n\n\n\n<h4 class=\"wp-block-heading\" id=\"conclusin-protege-el-sueo-de-tu-hijo-para-un-futur\">Protege el sue\u00f1o de tu hijo para un futuro saludable<\/h4>\n\n\n\n<p>Los problemas de sue\u00f1o en ni\u00f1os pueden pasar desapercibidos, pero sus consecuencias son reales y afectan m\u00faltiples aspectos de su vida. Reconocer las se\u00f1ales de alerta y actuar a tiempo es fundamental para garantizar un descanso adecuado y un desarrollo saludable. La otorrinolaringolog\u00eda juega un papel esencial en la identificaci\u00f3n y tratamiento de las causas respiratorias que alteran el sue\u00f1o infantil.<\/p>\n\n\n\n<p>Si sospechas que tu hijo puede estar sufriendo alg\u00fan trastorno del sue\u00f1o, te invitamos a recibiri la asesor\u00eda en el camino hacia una soluci\u00f3n efectiva. <a href=\"https:\/\/api.whatsapp.com\/send\/?phone=34624583892&amp;text&amp;type=phone_number&amp;app_absent=0\" target=\"_blank\" rel=\"noreferrer noopener\">Contacta ahora a la Dra. Cristina Vaduva<\/a> y encontrar\u00e1s apoyo y la experiencia necesaria para que tu hijo tenga noches tranquilas. No esperes m\u00e1s para cuidar el sue\u00f1o de tu peque\u00f1o y brindarle d\u00edas llenos de energ\u00eda, bienestar y la calidad de vida que merece.<\/p>","protected":false},"excerpt":{"rendered":"<p>Dormir es, sin duda alguna, fundamental para el buen desarrollo y bienestar de los ni\u00f1os. Pero, cuando aparecen problemas para dormir, las consecuencias afectan no solo su salud f\u00edsica, sino su comportamiento, rendimiento escolar y calidad de vida. Reconocer a tiempo las se\u00f1ales de alerta y entender las posibles causas es clave para intervenir adecuadamente. &hellip;<\/p>\n<p class=\"read-more\"> <a class=\"\" href=\"https:\/\/drcristinavaduva.com\/ro\/problemas-de-sueno-en-ninos\/\"> <span class=\"screen-reader-text\">Problemas de sue\u00f1o en ni\u00f1os: se\u00f1ales de alerta y soluciones desde la otorrinolaringolog\u00eda<\/span> Read More &raquo;<\/a><\/p>","protected":false},"author":2,"featured_media":2961,"comment_status":"open","ping_status":"open","sticky":false,"template":"","format":"standard","meta":{"site-sidebar-layout":"default","site-content-layout":"default","ast-global-header-display":"","ast-banner-title-visibility":"","ast-main-header-display":"","ast-hfb-above-header-display":"","ast-hfb-below-header-display":"","ast-hfb-mobile-header-display":"","site-post-title":"","ast-breadcrumbs-content":"","ast-featured-img":"","footer-sml-layout":"","theme-transparent-header-meta":"","adv-header-id-meta":"","stick-header-meta":"","header-above-stick-meta":"","header-main-stick-meta":"","header-below-stick-meta":"","footnotes":""},"categories":[1],"tags":[],"class_list":["post-2959","post","type-post","status-publish","format-standard","has-post-thumbnail","hentry","category-uncategorized"],"yoast_head":"<!-- This site is optimized with the Yoast SEO plugin v21.2 - https:\/\/yoast.com\/wordpress\/plugins\/seo\/ -->\n<title>Problemas de sue\u00f1o en ni\u00f1os | Dra. Cristina Vaduva<\/title>\n<meta name=\"description\" content=\"\u00bfTus hijos no pueden dormir? La Dra. Vaduva te explica cu\u00e1les son los problemas del sue\u00f1o m\u00e1s comunes en ni\u00f1os y las soluciones m\u00e1s efectivas\" \/>\n<meta name=\"robots\" content=\"index, follow, max-snippet:-1, max-image-preview:large, max-video-preview:-1\" \/>\n<link rel=\"canonical\" href=\"https:\/\/drcristinavaduva.com\/ro\/problemas-de-sueno-en-ninos\/\" \/>\n<meta property=\"og:locale\" content=\"ro_RO\" \/>\n<meta property=\"og:type\" content=\"article\" \/>\n<meta property=\"og:title\" content=\"Problemas de sue\u00f1o en ni\u00f1os | Dra. Cristina Vaduva\" \/>\n<meta property=\"og:description\" content=\"\u00bfTus hijos no pueden dormir? La Dra. Vaduva te explica cu\u00e1les son los problemas del sue\u00f1o m\u00e1s comunes en ni\u00f1os y las soluciones m\u00e1s efectivas\" \/>\n<meta property=\"og:url\" content=\"https:\/\/drcristinavaduva.com\/ro\/problemas-de-sueno-en-ninos\/\" \/>\n<meta property=\"og:site_name\" content=\"Dra Cristina Vaduva\" \/>\n<meta property=\"article:published_time\" content=\"2025-05-25T21:23:46+00:00\" \/>\n<meta property=\"article:modified_time\" content=\"2025-05-25T21:23:47+00:00\" \/>\n<meta property=\"og:image\" content=\"https:\/\/drcristinavaduva.com\/wp-content\/uploads\/2025\/05\/51895.jpg\" \/>\n\t<meta property=\"og:image:width\" content=\"1000\" \/>\n\t<meta property=\"og:image:height\" content=\"728\" \/>\n\t<meta property=\"og:image:type\" content=\"image\/jpeg\" \/>\n<meta name=\"author\" content=\"Ana\" \/>\n<meta name=\"twitter:card\" content=\"summary_large_image\" \/>\n<meta name=\"twitter:label1\" content=\"Scris de\" \/>\n\t<meta name=\"twitter:data1\" content=\"Ana\" \/>\n\t<meta name=\"twitter:label2\" content=\"Timp estimat pentru citire\" \/>\n\t<meta name=\"twitter:data2\" content=\"6 minute\" \/>\n<script type=\"application\/ld+json\" class=\"yoast-schema-graph\">{\"@context\":\"https:\/\/schema.org\",\"@graph\":[{\"@type\":\"WebPage\",\"@id\":\"https:\/\/drcristinavaduva.com\/problemas-de-sueno-en-ninos\/\",\"url\":\"https:\/\/drcristinavaduva.com\/problemas-de-sueno-en-ninos\/\",\"name\":\"Problemas de sue\u00f1o en ni\u00f1os | Dra. Cristina Vaduva\",\"isPartOf\":{\"@id\":\"https:\/\/drcristinavaduva.com\/#website\"},\"datePublished\":\"2025-05-25T21:23:46+00:00\",\"dateModified\":\"2025-05-25T21:23:47+00:00\",\"author\":{\"@id\":\"https:\/\/drcristinavaduva.com\/#\/schema\/person\/95f2e78bc1ea95dee6010d3c27548170\"},\"description\":\"\u00bfTus hijos no pueden dormir? La Dra. Vaduva te explica cu\u00e1les son los problemas del sue\u00f1o m\u00e1s comunes en ni\u00f1os y las soluciones m\u00e1s efectivas\",\"breadcrumb\":{\"@id\":\"https:\/\/drcristinavaduva.com\/problemas-de-sueno-en-ninos\/#breadcrumb\"},\"inLanguage\":\"ro-RO\",\"potentialAction\":[{\"@type\":\"ReadAction\",\"target\":[\"https:\/\/drcristinavaduva.com\/problemas-de-sueno-en-ninos\/\"]}]},{\"@type\":\"BreadcrumbList\",\"@id\":\"https:\/\/drcristinavaduva.com\/problemas-de-sueno-en-ninos\/#breadcrumb\",\"itemListElement\":[{\"@type\":\"ListItem\",\"position\":1,\"name\":\"Portada\",\"item\":\"https:\/\/drcristinavaduva.com\/\"},{\"@type\":\"ListItem\",\"position\":2,\"name\":\"Problemas de sue\u00f1o en ni\u00f1os: se\u00f1ales de alerta y soluciones desde la otorrinolaringolog\u00eda\"}]},{\"@type\":\"WebSite\",\"@id\":\"https:\/\/drcristinavaduva.com\/#website\",\"url\":\"https:\/\/drcristinavaduva.com\/\",\"name\":\"Dra Cristina Vaduva\",\"description\":\"\",\"potentialAction\":[{\"@type\":\"SearchAction\",\"target\":{\"@type\":\"EntryPoint\",\"urlTemplate\":\"https:\/\/drcristinavaduva.com\/?s={search_term_string}\"},\"query-input\":\"required name=search_term_string\"}],\"inLanguage\":\"ro-RO\"},{\"@type\":\"Person\",\"@id\":\"https:\/\/drcristinavaduva.com\/#\/schema\/person\/95f2e78bc1ea95dee6010d3c27548170\",\"name\":\"Ana\",\"image\":{\"@type\":\"ImageObject\",\"inLanguage\":\"ro-RO\",\"@id\":\"https:\/\/drcristinavaduva.com\/#\/schema\/person\/image\/\",\"url\":\"https:\/\/secure.gravatar.com\/avatar\/d1840ae14902e8e3bfcc36c2673930ef50ff09f785d2c339c8c9c57fb40576bf?s=96&d=mm&r=g\",\"contentUrl\":\"https:\/\/secure.gravatar.com\/avatar\/d1840ae14902e8e3bfcc36c2673930ef50ff09f785d2c339c8c9c57fb40576bf?s=96&d=mm&r=g\",\"caption\":\"Ana\"},\"url\":\"https:\/\/drcristinavaduva.com\/ro\/author\/ana\/\"}]}<\/script>\n<!-- \/ Yoast SEO plugin. -->","yoast_head_json":{"title":"Problemas de sue\u00f1o en ni\u00f1os | Dra. Cristina Vaduva","description":"\u00bfTus hijos no pueden dormir? La Dra. Vaduva te explica cu\u00e1les son los problemas del sue\u00f1o m\u00e1s comunes en ni\u00f1os y las soluciones m\u00e1s efectivas","robots":{"index":"index","follow":"follow","max-snippet":"max-snippet:-1","max-image-preview":"max-image-preview:large","max-video-preview":"max-video-preview:-1"},"canonical":"https:\/\/drcristinavaduva.com\/ro\/problemas-de-sueno-en-ninos\/","og_locale":"ro_RO","og_type":"article","og_title":"Problemas de sue\u00f1o en ni\u00f1os | Dra. Cristina Vaduva","og_description":"\u00bfTus hijos no pueden dormir? La Dra. Vaduva te explica cu\u00e1les son los problemas del sue\u00f1o m\u00e1s comunes en ni\u00f1os y las soluciones m\u00e1s efectivas","og_url":"https:\/\/drcristinavaduva.com\/ro\/problemas-de-sueno-en-ninos\/","og_site_name":"Dra Cristina Vaduva","article_published_time":"2025-05-25T21:23:46+00:00","article_modified_time":"2025-05-25T21:23:47+00:00","og_image":[{"width":1000,"height":728,"url":"https:\/\/drcristinavaduva.com\/wp-content\/uploads\/2025\/05\/51895.jpg","type":"image\/jpeg"}],"author":"Ana","twitter_card":"summary_large_image","twitter_misc":{"Scris de":"Ana","Timp estimat pentru citire":"6 minute"},"schema":{"@context":"https:\/\/schema.org","@graph":[{"@type":"WebPage","@id":"https:\/\/drcristinavaduva.com\/problemas-de-sueno-en-ninos\/","url":"https:\/\/drcristinavaduva.com\/problemas-de-sueno-en-ninos\/","name":"Problemas de sue\u00f1o en ni\u00f1os | Dra. Cristina Vaduva","isPartOf":{"@id":"https:\/\/drcristinavaduva.com\/#website"},"datePublished":"2025-05-25T21:23:46+00:00","dateModified":"2025-05-25T21:23:47+00:00","author":{"@id":"https:\/\/drcristinavaduva.com\/#\/schema\/person\/95f2e78bc1ea95dee6010d3c27548170"},"description":"\u00bfTus hijos no pueden dormir? La Dra. Vaduva te explica cu\u00e1les son los problemas del sue\u00f1o m\u00e1s comunes en ni\u00f1os y las soluciones m\u00e1s efectivas","breadcrumb":{"@id":"https:\/\/drcristinavaduva.com\/problemas-de-sueno-en-ninos\/#breadcrumb"},"inLanguage":"ro-RO","potentialAction":[{"@type":"ReadAction","target":["https:\/\/drcristinavaduva.com\/problemas-de-sueno-en-ninos\/"]}]},{"@type":"BreadcrumbList","@id":"https:\/\/drcristinavaduva.com\/problemas-de-sueno-en-ninos\/#breadcrumb","itemListElement":[{"@type":"ListItem","position":1,"name":"Portada","item":"https:\/\/drcristinavaduva.com\/"},{"@type":"ListItem","position":2,"name":"Problemas de sue\u00f1o en ni\u00f1os: se\u00f1ales de alerta y soluciones desde la otorrinolaringolog\u00eda"}]},{"@type":"WebSite","@id":"https:\/\/drcristinavaduva.com\/#website","url":"https:\/\/drcristinavaduva.com\/","name":"Dra Cristina Vaduva","description":"","potentialAction":[{"@type":"SearchAction","target":{"@type":"EntryPoint","urlTemplate":"https:\/\/drcristinavaduva.com\/?s={search_term_string}"},"query-input":"required name=search_term_string"}],"inLanguage":"ro-RO"},{"@type":"Person","@id":"https:\/\/drcristinavaduva.com\/#\/schema\/person\/95f2e78bc1ea95dee6010d3c27548170","name":"Ana","image":{"@type":"ImageObject","inLanguage":"ro-RO","@id":"https:\/\/drcristinavaduva.com\/#\/schema\/person\/image\/","url":"https:\/\/secure.gravatar.com\/avatar\/d1840ae14902e8e3bfcc36c2673930ef50ff09f785d2c339c8c9c57fb40576bf?s=96&d=mm&r=g","contentUrl":"https:\/\/secure.gravatar.com\/avatar\/d1840ae14902e8e3bfcc36c2673930ef50ff09f785d2c339c8c9c57fb40576bf?s=96&d=mm&r=g","caption":"Ana"},"url":"https:\/\/drcristinavaduva.com\/ro\/author\/ana\/"}]}},"_links":{"self":[{"href":"https:\/\/drcristinavaduva.com\/ro\/wp-json\/wp\/v2\/posts\/2959","targetHints":{"allow":["GET"]}}],"collection":[{"href":"https:\/\/drcristinavaduva.com\/ro\/wp-json\/wp\/v2\/posts"}],"about":[{"href":"https:\/\/drcristinavaduva.com\/ro\/wp-json\/wp\/v2\/types\/post"}],"author":[{"embeddable":true,"href":"https:\/\/drcristinavaduva.com\/ro\/wp-json\/wp\/v2\/users\/2"}],"replies":[{"embeddable":true,"href":"https:\/\/drcristinavaduva.com\/ro\/wp-json\/wp\/v2\/comments?post=2959"}],"version-history":[{"count":1,"href":"https:\/\/drcristinavaduva.com\/ro\/wp-json\/wp\/v2\/posts\/2959\/revisions"}],"predecessor-version":[{"id":2963,"href":"https:\/\/drcristinavaduva.com\/ro\/wp-json\/wp\/v2\/posts\/2959\/revisions\/2963"}],"wp:featuredmedia":[{"embeddable":true,"href":"https:\/\/drcristinavaduva.com\/ro\/wp-json\/wp\/v2\/media\/2961"}],"wp:attachment":[{"href":"https:\/\/drcristinavaduva.com\/ro\/wp-json\/wp\/v2\/media?parent=2959"}],"wp:term":[{"taxonomy":"category","embeddable":true,"href":"https:\/\/drcristinavaduva.com\/ro\/wp-json\/wp\/v2\/categories?post=2959"},{"taxonomy":"post_tag","embeddable":true,"href":"https:\/\/drcristinavaduva.com\/ro\/wp-json\/wp\/v2\/tags?post=2959"}],"curies":[{"name":"wp","href":"https:\/\/api.w.org\/{rel}","templated":true}]}}