{"id":2886,"date":"2025-05-12T03:29:26","date_gmt":"2025-05-12T03:29:26","guid":{"rendered":"https:\/\/drcristinavaduva.com\/?p=2886"},"modified":"2025-05-12T03:29:26","modified_gmt":"2025-05-12T03:29:26","slug":"respiracion-bucal-en-ninos","status":"publish","type":"post","link":"https:\/\/drcristinavaduva.com\/ro\/respiracion-bucal-en-ninos\/","title":{"rendered":"Respiraci\u00f3n bucal en ni\u00f1os: c\u00f3mo identificarla y prevenir sus consecuencias"},"content":{"rendered":"<p>La respiraci\u00f3n es una funci\u00f3n vital que realizamos de manera autom\u00e1tica, pero un ni\u00f1o puede acostumbrarse a respirar por la boca en lugar de por la nariz. \u00bfHas notado que esto est\u00e1 pasando en uno de tus hijos? Si ya es algo habitual, puede estar enfrentando un problema que afecta su salud y desarrollo. La respiraci\u00f3n bucal en ni\u00f1os altera la forma en que el cuerpo recibe el ox\u00edgeno y puede desencadenar consecuencias f\u00edsicas, emocionales y sociales que impacten su calidad de vida.<\/p>\n\n\n\n<p>Por eso, es fundamental aprender a identificar esta condici\u00f3n a tiempo y tomar medidas para corregirla antes de que provoque da\u00f1os m\u00e1s graves. Te contamos qu\u00e9 debes tomar en cuenta y cu\u00e1les son los pasos a seguir para ayudar a tu peque\u00f1o a respirar adecuadamente.<\/p>\n\n\n\n<h2 class=\"wp-block-heading\" id=\"por-qu-es-importante-la-respiracin-nasal-en-los-ni\">\u00bfPor qu\u00e9 es importante la respiraci\u00f3n nasal?<\/h2>\n\n\n\n<p>Respirar por la nariz no es solo una cuesti\u00f3n est\u00e9tica o de comodidad, sino que cumple funciones esenciales para el organismo. La nariz filtra, humidifica y calienta el aire que entra, protegiendo las v\u00edas respiratorias y facilitando un intercambio gaseoso eficiente en los pulmones. Adem\u00e1s, la respiraci\u00f3n nasal favorece el correcto desarrollo de los huesos faciales y la musculatura de la boca y la garganta.<\/p>\n\n\n\n<figure class=\"wp-block-image size-full\"><img fetchpriority=\"high\" decoding=\"async\" width=\"1000\" height=\"628\" src=\"https:\/\/drcristinavaduva.com\/wp-content\/uploads\/2025\/05\/4658.jpg\" alt=\"\" class=\"wp-image-2891\" srcset=\"https:\/\/drcristinavaduva.com\/wp-content\/uploads\/2025\/05\/4658.jpg 1000w, https:\/\/drcristinavaduva.com\/wp-content\/uploads\/2025\/05\/4658-300x188.jpg 300w, https:\/\/drcristinavaduva.com\/wp-content\/uploads\/2025\/05\/4658-768x482.jpg 768w, https:\/\/drcristinavaduva.com\/wp-content\/uploads\/2025\/05\/4658-18x12.jpg 18w\" sizes=\"(max-width: 1000px) 100vw, 1000px\" \/><\/figure>\n\n\n\n<p>Cuando un ni\u00f1o respira por la boca, pierde esos beneficios naturales. El aire entra sin filtrar, lo que puede aumentar la exposici\u00f3n a agentes irritantes o infecciosos. Tambi\u00e9n provoca una sequedad en la boca y la garganta que puede favorecer infecciones, inflamaciones y mal aliento. Por otro lado, la respiraci\u00f3n bucal puede alterar la postura y el crecimiento facial, generando adem\u00e1s problemas est\u00e9ticos y funcionales.<\/p>\n\n\n\n<h3 class=\"wp-block-heading\" id=\"cmo-identificar-la-respiracin-bucal-en-los-nios\">C\u00f3mo identificar la respiraci\u00f3n bucal en los ni\u00f1os<\/h3>\n\n\n\n<p>Detectar si un ni\u00f1o respira habitualmente por la boca puede ser complicado si no se observan ciertos signos. Sin embargo, hay indicios claros que te ayudar\u00e1n a reconocer esta condici\u00f3n. Si notas que tu hijo tiene la boca abierta la mayor parte del tiempo, especialmente cuando est\u00e1 en reposo o durmiendo, es una se\u00f1al de alerta. Otros s\u00edntomas comunes incluyen ronquidos frecuentes, dificultad para dormir bien, fatiga durante el d\u00eda o irritabilidad. <\/p>\n\n\n\n<p>Tambi\u00e9n puede presentar sequedad en los labios o la lengua, y en algunos casos, un cambio en la voz o problemas para pronunciar ciertas palabras. A nivel facial, la respiraci\u00f3n bucal prolongada puede provocar un rostro alargado, labios finos y una mand\u00edbula inferior retra\u00edda. Si observas algunos de estos signos en tu hijo, es importante consultar con un especialista para realizar una evaluaci\u00f3n completa y determinar si la respiraci\u00f3n bucal est\u00e1 afectando su salud.<\/p>\n\n\n\n<h2 class=\"wp-block-heading\" id=\"causas-comunes-de-la-respiracin-bucal-en-nios\">Causas comunes de la respiraci\u00f3n bucal en ni\u00f1os<\/h2>\n\n\n\n<p>Existen varias razones por las cuales un ni\u00f1o puede desarrollar la costumbre de respirar por la boca. Una de las m\u00e1s frecuentes es la obstrucci\u00f3n nasal, que puede deberse a alergias, infecciones recurrentes, desviaci\u00f3n del tabique nasal o hipertrofia de adenoides y am\u00edgdalas. Estas condiciones dificultan el paso del aire por la nariz, obligando al ni\u00f1o a buscar una v\u00eda alternativa para respirar.<\/p>\n\n\n\n<p>Adem\u00e1s, h\u00e1bitos como el uso prolongado del chupete, la succi\u00f3n del dedo o una mala postura al dormir tambi\u00e9n pueden favorecer la respiraci\u00f3n bucal. En algunos casos, factores emocionales o estr\u00e9s pueden influir en la forma de respirar, aunque generalmente est\u00e1n asociados a causas f\u00edsicas que deben ser tratadas. Comprender la causa espec\u00edfica es fundamental para aplicar el tratamiento adecuado y evitar que la respiraci\u00f3n bucal se convierta en un problema cr\u00f3nico.<\/p>\n\n\n\n<h3 class=\"wp-block-heading\" id=\"consecuencias-de-la-respiracin-bucal-en-el-desarro\">Consecuencias de la respiraci\u00f3n bucal en el desarrollo infantil<\/h3>\n\n\n\n<p>La respiraci\u00f3n bucal prolongada puede tener un impacto significativo en la salud y el desarrollo de un ni\u00f1o. En primer lugar, afecta la calidad del sue\u00f1o, ya que la obstrucci\u00f3n nasal y la boca abierta pueden provocar ronquidos y apnea del sue\u00f1o, lo que interfiere con un descanso reparador. Esto se traduce en cansancio, falta de concentraci\u00f3n y bajo rendimiento escolar.<\/p>\n\n\n\n<p>Desde el punto de vista f\u00edsico, la respiraci\u00f3n bucal altera el crecimiento normal de los huesos faciales, pudiendo generar una mand\u00edbula peque\u00f1a o retra\u00edda, paladar estrecho y dientes mal alineados. Estos cambios no solo afectan la est\u00e9tica facial, sino que tambi\u00e9n pueden dificultar la masticaci\u00f3n y el habla.<\/p>\n\n\n\n<p>Adem\u00e1s, la sequedad constante en la boca favorece la aparici\u00f3n de caries, gingivitis y otras enfermedades bucales. A nivel emocional, los ni\u00f1os que presentan dificultades para respirar pueden sentirse inseguros o experimentar problemas de autoestima y dificultades para comunicarse.<\/p>\n\n\n\n<h2 class=\"wp-block-heading\" id=\"cmo-prevenir-y-corregir-la-respiracin-bucal-en-nio\">C\u00f3mo prevenir y corregir la respiraci\u00f3n bucal en ni\u00f1os<\/h2>\n\n\n\n<p>La prevenci\u00f3n y correcci\u00f3n de la respiraci\u00f3n bucal en ni\u00f1os comienza con una observaci\u00f3n atenta y una intervenci\u00f3n temprana. Mantener un ambiente libre de al\u00e9rgenos y contaminantes, as\u00ed como tratar oportunamente las infecciones respiratorias, ayuda a evitar la obstrucci\u00f3n nasal que puede desencadenar este problema.<\/p>\n\n\n\n<figure class=\"wp-block-image size-full\"><img decoding=\"async\" width=\"1000\" height=\"667\" src=\"https:\/\/drcristinavaduva.com\/wp-content\/uploads\/2025\/05\/2148755261.jpg\" alt=\"\" class=\"wp-image-2889\" srcset=\"https:\/\/drcristinavaduva.com\/wp-content\/uploads\/2025\/05\/2148755261.jpg 1000w, https:\/\/drcristinavaduva.com\/wp-content\/uploads\/2025\/05\/2148755261-300x200.jpg 300w, https:\/\/drcristinavaduva.com\/wp-content\/uploads\/2025\/05\/2148755261-768x512.jpg 768w, https:\/\/drcristinavaduva.com\/wp-content\/uploads\/2025\/05\/2148755261-18x12.jpg 18w\" sizes=\"(max-width: 1000px) 100vw, 1000px\" \/><\/figure>\n\n\n\n<p>Si sospechas que tu hijo respira por la boca, lo ideal es acudir a un <a href=\"https:\/\/drcristinavaduva.com\/ro\/\" target=\"_blank\" rel=\"noreferrer noopener\">especialista en otorrinolaringolog\u00eda<\/a> o un odontopediatra, quienes pueden evaluar la causa y recomendar el tratamiento m\u00e1s adecuado. En muchos casos, la eliminaci\u00f3n de las adenoides o am\u00edgdalas hipertrofiadas mejora significativamente la respiraci\u00f3n nasal.<\/p>\n\n\n\n<p>Por otro lado, la terapia miofuncional puede ser una herramienta valiosa para corregir malos h\u00e1bitos, ayudando al ni\u00f1o a aprender a respirar correctamente por la nariz. En algunos casos, el uso de dispositivos ortop\u00e9dicos o tratamientos de ortodoncia tambi\u00e9n contribuye a mejorar la funci\u00f3n respiratoria y el desarrollo facial.<\/p>\n\n\n\n<h3 class=\"wp-block-heading\" id=\"la-importancia-del-seguimiento-y-la-educacin-famil\">La importancia del seguimiento y la educaci\u00f3n familiar<\/h3>\n\n\n\n<p>Para lograr resultados duraderos en el tratamiento de la respiraci\u00f3n bucal, es fundamental que la familia est\u00e9 involucrada y comprometida. Educar a los ni\u00f1os sobre la importancia de respirar por la nariz y fomentar h\u00e1bitos saludables desde peque\u00f1os son acciones que complementan cualquier intervenci\u00f3n m\u00e9dica. El seguimiento peri\u00f3dico con los profesionales encargados permite ajustar el tratamiento seg\u00fan la evoluci\u00f3n y prevenir reca\u00eddas.<\/p>\n\n\n\n<p>Adem\u00e1s, contar con un equipo multidisciplinario que incluya m\u00e9dicos, odont\u00f3logos y terapeutas garantiza un abordaje integral que favorece el bienestar del ni\u00f1o. Recuerda que la respiraci\u00f3n bucal no es solo un problema est\u00e9tico, sino una condici\u00f3n que puede afectar m\u00faltiples aspectos de la salud, por lo que su atenci\u00f3n temprana es clave para evitar complicaciones.<\/p>\n\n\n\n<h4 class=\"wp-block-heading\" id=\"conclusin-cuida-la-respiracin-de-tu-hijo-para-aseg\">Cuida la respiraci\u00f3n de tu hijo para asegurar su bienestar<\/h4>\n\n\n\n<p>La respiraci\u00f3n bucal en ni\u00f1os es un problema m\u00e1s com\u00fan de lo que parece y puede tener consecuencias importantes si no se detecta y trata a tiempo. Al aprender a identificar sus signos y comprender sus causas, estar\u00e1s en una mejor posici\u00f3n para actuar y proteger la salud de tu hijo.<\/p>\n\n\n\n<p>No dudes en <a href=\"https:\/\/api.whatsapp.com\/send\/?phone=34624583892&amp;text&amp;type=phone_number&amp;app_absent=0\" target=\"_blank\" rel=\"noreferrer noopener\">agendar cita con la Dra. Vaduva<\/a> si notas que tu peque\u00f1o respira por la boca con frecuencia, ya que un diagn\u00f3stico y tratamiento adecuados pueden marcar la diferencia. Con el apoyo correcto, tu hijo podr\u00e1 respirar mejor, dormir tranquilo y desarrollarse plenamente, disfrutando de una vida saludable y feliz.<\/p>","protected":false},"excerpt":{"rendered":"<p>La respiraci\u00f3n es una funci\u00f3n vital que realizamos de manera autom\u00e1tica, pero un ni\u00f1o puede acostumbrarse a respirar por la boca en lugar de por la nariz. \u00bfHas notado que esto est\u00e1 pasando en uno de tus hijos? Si ya es algo habitual, puede estar enfrentando un problema que afecta su salud y desarrollo. La &hellip;<\/p>\n<p class=\"read-more\"> <a class=\"\" href=\"https:\/\/drcristinavaduva.com\/ro\/respiracion-bucal-en-ninos\/\"> <span class=\"screen-reader-text\">Respiraci\u00f3n bucal en ni\u00f1os: c\u00f3mo identificarla y prevenir sus consecuencias<\/span> Read More &raquo;<\/a><\/p>","protected":false},"author":2,"featured_media":2890,"comment_status":"open","ping_status":"open","sticky":false,"template":"","format":"standard","meta":{"site-sidebar-layout":"default","site-content-layout":"default","ast-global-header-display":"","ast-banner-title-visibility":"","ast-main-header-display":"","ast-hfb-above-header-display":"","ast-hfb-below-header-display":"","ast-hfb-mobile-header-display":"","site-post-title":"","ast-breadcrumbs-content":"","ast-featured-img":"","footer-sml-layout":"","theme-transparent-header-meta":"","adv-header-id-meta":"","stick-header-meta":"","header-above-stick-meta":"","header-main-stick-meta":"","header-below-stick-meta":"","footnotes":""},"categories":[1],"tags":[],"class_list":["post-2886","post","type-post","status-publish","format-standard","has-post-thumbnail","hentry","category-uncategorized"],"yoast_head":"<!-- This site is optimized with the Yoast SEO plugin v21.2 - https:\/\/yoast.com\/wordpress\/plugins\/seo\/ -->\n<title>Respiraci\u00f3n bucal en ni\u00f1os: c\u00f3mo identificarla | Dr. Cristina Vaduva<\/title>\n<meta name=\"description\" content=\"\u00bfTu peque\u00f1o respira por la boca al dormir? Te contamos por qu\u00e9 es importante corregir la respiraci\u00f3n bucal en ni\u00f1os desde temprana edad.\" \/>\n<meta name=\"robots\" content=\"index, follow, max-snippet:-1, max-image-preview:large, max-video-preview:-1\" \/>\n<link rel=\"canonical\" href=\"https:\/\/drcristinavaduva.com\/ro\/respiracion-bucal-en-ninos\/\" \/>\n<meta property=\"og:locale\" content=\"ro_RO\" \/>\n<meta property=\"og:type\" content=\"article\" \/>\n<meta property=\"og:title\" content=\"Respiraci\u00f3n bucal en ni\u00f1os: c\u00f3mo identificarla | Dr. Cristina Vaduva\" \/>\n<meta property=\"og:description\" content=\"\u00bfTu peque\u00f1o respira por la boca al dormir? Te contamos por qu\u00e9 es importante corregir la respiraci\u00f3n bucal en ni\u00f1os desde temprana edad.\" \/>\n<meta property=\"og:url\" content=\"https:\/\/drcristinavaduva.com\/ro\/respiracion-bucal-en-ninos\/\" \/>\n<meta property=\"og:site_name\" content=\"Dra Cristina Vaduva\" \/>\n<meta property=\"article:published_time\" content=\"2025-05-12T03:29:26+00:00\" \/>\n<meta property=\"og:image\" content=\"https:\/\/drcristinavaduva.com\/wp-content\/uploads\/2025\/05\/5953.jpg\" \/>\n\t<meta property=\"og:image:width\" content=\"1000\" \/>\n\t<meta property=\"og:image:height\" content=\"665\" \/>\n\t<meta property=\"og:image:type\" content=\"image\/jpeg\" \/>\n<meta name=\"author\" content=\"Ana\" \/>\n<meta name=\"twitter:card\" content=\"summary_large_image\" \/>\n<meta name=\"twitter:label1\" content=\"Scris de\" \/>\n\t<meta name=\"twitter:data1\" content=\"Ana\" \/>\n\t<meta name=\"twitter:label2\" content=\"Timp estimat pentru citire\" \/>\n\t<meta name=\"twitter:data2\" content=\"6 minute\" \/>\n<script type=\"application\/ld+json\" class=\"yoast-schema-graph\">{\"@context\":\"https:\/\/schema.org\",\"@graph\":[{\"@type\":\"WebPage\",\"@id\":\"https:\/\/drcristinavaduva.com\/respiracion-bucal-en-ninos\/\",\"url\":\"https:\/\/drcristinavaduva.com\/respiracion-bucal-en-ninos\/\",\"name\":\"Respiraci\u00f3n bucal en ni\u00f1os: c\u00f3mo identificarla | Dr. Cristina Vaduva\",\"isPartOf\":{\"@id\":\"https:\/\/drcristinavaduva.com\/#website\"},\"datePublished\":\"2025-05-12T03:29:26+00:00\",\"dateModified\":\"2025-05-12T03:29:26+00:00\",\"author\":{\"@id\":\"https:\/\/drcristinavaduva.com\/#\/schema\/person\/95f2e78bc1ea95dee6010d3c27548170\"},\"description\":\"\u00bfTu peque\u00f1o respira por la boca al dormir? Te contamos por qu\u00e9 es importante corregir la respiraci\u00f3n bucal en ni\u00f1os desde temprana edad.\",\"breadcrumb\":{\"@id\":\"https:\/\/drcristinavaduva.com\/respiracion-bucal-en-ninos\/#breadcrumb\"},\"inLanguage\":\"ro-RO\",\"potentialAction\":[{\"@type\":\"ReadAction\",\"target\":[\"https:\/\/drcristinavaduva.com\/respiracion-bucal-en-ninos\/\"]}]},{\"@type\":\"BreadcrumbList\",\"@id\":\"https:\/\/drcristinavaduva.com\/respiracion-bucal-en-ninos\/#breadcrumb\",\"itemListElement\":[{\"@type\":\"ListItem\",\"position\":1,\"name\":\"Portada\",\"item\":\"https:\/\/drcristinavaduva.com\/\"},{\"@type\":\"ListItem\",\"position\":2,\"name\":\"Respiraci\u00f3n bucal en ni\u00f1os: c\u00f3mo identificarla y prevenir sus consecuencias\"}]},{\"@type\":\"WebSite\",\"@id\":\"https:\/\/drcristinavaduva.com\/#website\",\"url\":\"https:\/\/drcristinavaduva.com\/\",\"name\":\"Dra Cristina Vaduva\",\"description\":\"\",\"potentialAction\":[{\"@type\":\"SearchAction\",\"target\":{\"@type\":\"EntryPoint\",\"urlTemplate\":\"https:\/\/drcristinavaduva.com\/?s={search_term_string}\"},\"query-input\":\"required name=search_term_string\"}],\"inLanguage\":\"ro-RO\"},{\"@type\":\"Person\",\"@id\":\"https:\/\/drcristinavaduva.com\/#\/schema\/person\/95f2e78bc1ea95dee6010d3c27548170\",\"name\":\"Ana\",\"image\":{\"@type\":\"ImageObject\",\"inLanguage\":\"ro-RO\",\"@id\":\"https:\/\/drcristinavaduva.com\/#\/schema\/person\/image\/\",\"url\":\"https:\/\/secure.gravatar.com\/avatar\/d1840ae14902e8e3bfcc36c2673930ef50ff09f785d2c339c8c9c57fb40576bf?s=96&d=mm&r=g\",\"contentUrl\":\"https:\/\/secure.gravatar.com\/avatar\/d1840ae14902e8e3bfcc36c2673930ef50ff09f785d2c339c8c9c57fb40576bf?s=96&d=mm&r=g\",\"caption\":\"Ana\"},\"url\":\"https:\/\/drcristinavaduva.com\/ro\/author\/ana\/\"}]}<\/script>\n<!-- \/ Yoast SEO plugin. -->","yoast_head_json":{"title":"Respiraci\u00f3n bucal en ni\u00f1os: c\u00f3mo identificarla | Dr. Cristina Vaduva","description":"\u00bfTu peque\u00f1o respira por la boca al dormir? Te contamos por qu\u00e9 es importante corregir la respiraci\u00f3n bucal en ni\u00f1os desde temprana edad.","robots":{"index":"index","follow":"follow","max-snippet":"max-snippet:-1","max-image-preview":"max-image-preview:large","max-video-preview":"max-video-preview:-1"},"canonical":"https:\/\/drcristinavaduva.com\/ro\/respiracion-bucal-en-ninos\/","og_locale":"ro_RO","og_type":"article","og_title":"Respiraci\u00f3n bucal en ni\u00f1os: c\u00f3mo identificarla | Dr. Cristina Vaduva","og_description":"\u00bfTu peque\u00f1o respira por la boca al dormir? Te contamos por qu\u00e9 es importante corregir la respiraci\u00f3n bucal en ni\u00f1os desde temprana edad.","og_url":"https:\/\/drcristinavaduva.com\/ro\/respiracion-bucal-en-ninos\/","og_site_name":"Dra Cristina Vaduva","article_published_time":"2025-05-12T03:29:26+00:00","og_image":[{"width":1000,"height":665,"url":"https:\/\/drcristinavaduva.com\/wp-content\/uploads\/2025\/05\/5953.jpg","type":"image\/jpeg"}],"author":"Ana","twitter_card":"summary_large_image","twitter_misc":{"Scris de":"Ana","Timp estimat pentru citire":"6 minute"},"schema":{"@context":"https:\/\/schema.org","@graph":[{"@type":"WebPage","@id":"https:\/\/drcristinavaduva.com\/respiracion-bucal-en-ninos\/","url":"https:\/\/drcristinavaduva.com\/respiracion-bucal-en-ninos\/","name":"Respiraci\u00f3n bucal en ni\u00f1os: c\u00f3mo identificarla | Dr. Cristina Vaduva","isPartOf":{"@id":"https:\/\/drcristinavaduva.com\/#website"},"datePublished":"2025-05-12T03:29:26+00:00","dateModified":"2025-05-12T03:29:26+00:00","author":{"@id":"https:\/\/drcristinavaduva.com\/#\/schema\/person\/95f2e78bc1ea95dee6010d3c27548170"},"description":"\u00bfTu peque\u00f1o respira por la boca al dormir? Te contamos por qu\u00e9 es importante corregir la respiraci\u00f3n bucal en ni\u00f1os desde temprana edad.","breadcrumb":{"@id":"https:\/\/drcristinavaduva.com\/respiracion-bucal-en-ninos\/#breadcrumb"},"inLanguage":"ro-RO","potentialAction":[{"@type":"ReadAction","target":["https:\/\/drcristinavaduva.com\/respiracion-bucal-en-ninos\/"]}]},{"@type":"BreadcrumbList","@id":"https:\/\/drcristinavaduva.com\/respiracion-bucal-en-ninos\/#breadcrumb","itemListElement":[{"@type":"ListItem","position":1,"name":"Portada","item":"https:\/\/drcristinavaduva.com\/"},{"@type":"ListItem","position":2,"name":"Respiraci\u00f3n bucal en ni\u00f1os: c\u00f3mo identificarla y prevenir sus consecuencias"}]},{"@type":"WebSite","@id":"https:\/\/drcristinavaduva.com\/#website","url":"https:\/\/drcristinavaduva.com\/","name":"Dra Cristina Vaduva","description":"","potentialAction":[{"@type":"SearchAction","target":{"@type":"EntryPoint","urlTemplate":"https:\/\/drcristinavaduva.com\/?s={search_term_string}"},"query-input":"required name=search_term_string"}],"inLanguage":"ro-RO"},{"@type":"Person","@id":"https:\/\/drcristinavaduva.com\/#\/schema\/person\/95f2e78bc1ea95dee6010d3c27548170","name":"Ana","image":{"@type":"ImageObject","inLanguage":"ro-RO","@id":"https:\/\/drcristinavaduva.com\/#\/schema\/person\/image\/","url":"https:\/\/secure.gravatar.com\/avatar\/d1840ae14902e8e3bfcc36c2673930ef50ff09f785d2c339c8c9c57fb40576bf?s=96&d=mm&r=g","contentUrl":"https:\/\/secure.gravatar.com\/avatar\/d1840ae14902e8e3bfcc36c2673930ef50ff09f785d2c339c8c9c57fb40576bf?s=96&d=mm&r=g","caption":"Ana"},"url":"https:\/\/drcristinavaduva.com\/ro\/author\/ana\/"}]}},"_links":{"self":[{"href":"https:\/\/drcristinavaduva.com\/ro\/wp-json\/wp\/v2\/posts\/2886","targetHints":{"allow":["GET"]}}],"collection":[{"href":"https:\/\/drcristinavaduva.com\/ro\/wp-json\/wp\/v2\/posts"}],"about":[{"href":"https:\/\/drcristinavaduva.com\/ro\/wp-json\/wp\/v2\/types\/post"}],"author":[{"embeddable":true,"href":"https:\/\/drcristinavaduva.com\/ro\/wp-json\/wp\/v2\/users\/2"}],"replies":[{"embeddable":true,"href":"https:\/\/drcristinavaduva.com\/ro\/wp-json\/wp\/v2\/comments?post=2886"}],"version-history":[{"count":3,"href":"https:\/\/drcristinavaduva.com\/ro\/wp-json\/wp\/v2\/posts\/2886\/revisions"}],"predecessor-version":[{"id":2892,"href":"https:\/\/drcristinavaduva.com\/ro\/wp-json\/wp\/v2\/posts\/2886\/revisions\/2892"}],"wp:featuredmedia":[{"embeddable":true,"href":"https:\/\/drcristinavaduva.com\/ro\/wp-json\/wp\/v2\/media\/2890"}],"wp:attachment":[{"href":"https:\/\/drcristinavaduva.com\/ro\/wp-json\/wp\/v2\/media?parent=2886"}],"wp:term":[{"taxonomy":"category","embeddable":true,"href":"https:\/\/drcristinavaduva.com\/ro\/wp-json\/wp\/v2\/categories?post=2886"},{"taxonomy":"post_tag","embeddable":true,"href":"https:\/\/drcristinavaduva.com\/ro\/wp-json\/wp\/v2\/tags?post=2886"}],"curies":[{"name":"wp","href":"https:\/\/api.w.org\/{rel}","templated":true}]}}