{"id":1770,"date":"2024-12-23T05:03:11","date_gmt":"2024-12-23T05:03:11","guid":{"rendered":"https:\/\/drcristinavaduva.com\/?p=1770"},"modified":"2025-01-13T04:32:25","modified_gmt":"2025-01-13T04:32:25","slug":"como-se-quita-la-apnea-del-sueno","status":"publish","type":"post","link":"https:\/\/drcristinavaduva.com\/ro\/como-se-quita-la-apnea-del-sueno\/","title":{"rendered":"\u00bfC\u00f3mo se quita la apnea del sue\u00f1o?"},"content":{"rendered":"<p>La apnea del sue\u00f1o es un trastorno respiratorio com\u00fan que afecta a millones de personas en todo el mundo. Este problema no solo reduce la calidad del sue\u00f1o, sino que la apnea tambi\u00e9n quita bienestar general, causando complicaciones de salud. Entre ellas se encuentran la hipertensi\u00f3n, enfermedades card\u00edacas y accidentes cerebrovasculares. Adem\u00e1s, la fatiga constante puede afectar el rendimiento diario y la calidad de vida.<\/p>\n\n\n\n<p>Afortunadamente, existen tratamientos efectivos para combatir este problema. Acudir a una cl\u00ednica especializada, como la de la Dra. <a href=\"https:\/\/drcristinavaduva.com\/ro\/inicio\/\" target=\"_blank\" rel=\"noreferrer noopener\">Cristina Vaduva<\/a>, es un paso clave para recuperar un sue\u00f1o reparador y proteger tu salud.<\/p>\n\n\n\n<h2 class=\"wp-block-heading\"><strong>\u00bfQu\u00e9 es la apnea del sue\u00f1o y c\u00f3mo se quita?<\/strong><\/h2>\n\n\n\n<p>La <a href=\"https:\/\/drcristinavaduva.com\/ro\/consulta-de-sueno\/\" target=\"_blank\" rel=\"noreferrer noopener\">apnea del sue\u00f1o<\/a> es una condici\u00f3n en la que <strong>la respiraci\u00f3n se detiene repetidamente durante el sue\u00f1o<\/strong>. Estas pausas pueden durar varios segundos y repetirse m\u00faltiples veces en una sola noche. Como resultado, el cuerpo no recibe suficiente ox\u00edgeno, lo que provoca despertares repentinos y un sue\u00f1o poco reparador.<\/p>\n\n\n\n<figure class=\"wp-block-image size-large\"><img fetchpriority=\"high\" decoding=\"async\" width=\"1024\" height=\"683\" src=\"https:\/\/drcristinavaduva.com\/wp-content\/uploads\/2024\/12\/asian-woman-feel-frustrated-from-husband-snoring-w-2023-12-19-22-43-24-utc-1024x683.jpg\" alt=\"\" class=\"wp-image-1699\" srcset=\"https:\/\/drcristinavaduva.com\/wp-content\/uploads\/2024\/12\/asian-woman-feel-frustrated-from-husband-snoring-w-2023-12-19-22-43-24-utc-1024x683.jpg 1024w, https:\/\/drcristinavaduva.com\/wp-content\/uploads\/2024\/12\/asian-woman-feel-frustrated-from-husband-snoring-w-2023-12-19-22-43-24-utc-300x200.jpg 300w, https:\/\/drcristinavaduva.com\/wp-content\/uploads\/2024\/12\/asian-woman-feel-frustrated-from-husband-snoring-w-2023-12-19-22-43-24-utc-768x512.jpg 768w, https:\/\/drcristinavaduva.com\/wp-content\/uploads\/2024\/12\/asian-woman-feel-frustrated-from-husband-snoring-w-2023-12-19-22-43-24-utc-1536x1024.jpg 1536w, https:\/\/drcristinavaduva.com\/wp-content\/uploads\/2024\/12\/asian-woman-feel-frustrated-from-husband-snoring-w-2023-12-19-22-43-24-utc-2048x1365.jpg 2048w, https:\/\/drcristinavaduva.com\/wp-content\/uploads\/2024\/12\/asian-woman-feel-frustrated-from-husband-snoring-w-2023-12-19-22-43-24-utc-18x12.jpg 18w\" sizes=\"(max-width: 1024px) 100vw, 1024px\" \/><\/figure>\n\n\n\n<h3 class=\"wp-block-heading\"><strong>S\u00edntomas m\u00e1s comunes:<\/strong><\/h3>\n\n\n\n<ul class=\"wp-block-list\">\n<li>Ronquidos fuertes y persistentes.<\/li>\n\n\n\n<li>Despertares con sensaci\u00f3n de ahogo.<\/li>\n\n\n\n<li>Somnolencia excesiva durante el d\u00eda.<\/li>\n\n\n\n<li>Dolores de cabeza matutinos.<\/li>\n\n\n\n<li>Dificultad para concentrarse.<\/li>\n\n\n\n<li>Irritabilidad y cambios de humor.<\/li>\n\n\n\n<li>Problemas de memoria.<\/li>\n\n\n\n<li>Sequedad bucal al despertar.<\/li>\n<\/ul>\n\n\n\n<p>Si experimentas estos s\u00edntomas, es crucial consultar a un especialista. Ignorar la apnea del sue\u00f1o puede derivar en problemas graves, como accidentes por somnolencia.<\/p>\n\n\n\n<h2 class=\"wp-block-heading\">Di<strong>agn\u00f3stico preciso de la apnea del sue\u00f1o<\/strong><\/h2>\n\n\n\n<p>Un diagn\u00f3stico adecuado es esencial para determinar <strong>el tipo y la gravedad de la apnea del sue\u00f1o<\/strong>. En la cl\u00ednica de la Dra. Cristina Vaduva, se realiza un estudio especializado conocido como <strong>polisomnograf\u00eda<\/strong>.<\/p>\n\n\n\n<h3 class=\"wp-block-heading\"><strong>\u00bfEn qu\u00e9 consiste la polisomnograf\u00eda?<\/strong><\/h3>\n\n\n\n<p>Este estudio monitorea:<\/p>\n\n\n\n<ul class=\"wp-block-list\">\n<li>Respiraci\u00f3n durante el sue\u00f1o.<\/li>\n\n\n\n<li>Niveles de ox\u00edgeno en sangre.<\/li>\n\n\n\n<li>Frecuencia card\u00edaca.<\/li>\n\n\n\n<li>Actividad cerebral.<\/li>\n\n\n\n<li>Movimientos musculares y oculares.<\/li>\n<\/ul>\n\n\n\n<p>A partir de estos resultados, se puede determinar si la apnea es obstructiva, central o mixta. Un diagn\u00f3stico preciso permite ofrecer un tratamiento adaptado a las necesidades de cada paciente.<\/p>\n\n\n\n<p>En algunos casos, pueden ser necesarios estudios adicionales para descartar otros trastornos del sue\u00f1o, como el insomnio o el s\u00edndrome de piernas inquietas.<\/p>\n\n\n\n<h2 class=\"wp-block-heading\"><strong>Tratamientos efectivos para la apnea del sue\u00f1o<\/strong><\/h2>\n\n\n\n<p>Existen diferentes enfoques para tratar la apnea del sue\u00f1o, dependiendo de la gravedad y las caracter\u00edsticas del paciente.<\/p>\n\n\n\n<h3 class=\"wp-block-heading\"><strong>Cambios en el estilo de vida<\/strong><\/h3>\n\n\n\n<p>Adoptar estos h\u00e1bitos puede reducir significativamente los s\u00edntomas en casos de apnea del sue\u00f1o de leve a moderada:<\/p>\n\n\n\n<ul class=\"wp-block-list\">\n<li>Mantener un peso saludable.<\/li>\n\n\n\n<li>Evitar el alcohol y el tabaco.<\/li>\n\n\n\n<li><strong>Reducir el consumo de cafe\u00edna antes de dormir<\/strong>.<\/li>\n\n\n\n<li>Establecer una rutina de sue\u00f1o regular.<\/li>\n\n\n\n<li>Dormir de lado en lugar de boca arriba.<\/li>\n\n\n\n<li>Usar almohadas adecuadas para elevar la cabeza.<\/li>\n<\/ul>\n\n\n\n<h3 class=\"wp-block-heading\"><strong>Dispositivos CPAP<\/strong><\/h3>\n\n\n\n<p>El dispositivo CPAP proporciona un <strong>flujo continuo de aire a las v\u00edas respiratorias, evitando su bloqueo <\/strong>durante el sue\u00f1o. Es uno de los tratamientos m\u00e1s efectivos para la <strong>apnea del sue\u00f1o<\/strong> y ayuda a reducir los ronquidos.<\/p>\n\n\n\n<h3 class=\"wp-block-heading\"><strong>Dispositivos orales<\/strong><\/h3>\n\n\n\n<p>Son aparatos dise\u00f1ados para mantener la mand\u00edbula y la lengua en una posici\u00f3n que facilite la respiraci\u00f3n. Son ideales para casos de apnea leve a moderada.<\/p>\n\n\n\n<h3 class=\"wp-block-heading\"><strong>Cirug\u00eda<\/strong><\/h3>\n\n\n\n<p>En situaciones graves, puede ser necesaria una intervenci\u00f3n quir\u00fargica para corregir obstrucciones f\u00edsicas. Estas incluyen el exceso de tejido en la garganta, am\u00edgdalas grandes o problemas estructurales en el tabique nasal.<\/p>\n\n\n\n<p>En la <a href=\"https:\/\/drcristinavaduva.com\/ro\/inicio\/\" target=\"_blank\" rel=\"noreferrer noopener\">cl\u00ednica de la Dra. Cristina Vaduva<\/a>, cada paciente recibe un tratamiento personalizado, con seguimiento constante para ajustar las soluciones seg\u00fan los resultados.<\/p>\n\n\n\n<h2 class=\"wp-block-heading\"><strong>\u00bfPor qu\u00e9 es importante acudir a un especialista?<\/strong><\/h2>\n\n\n\n<figure class=\"wp-block-image size-large\"><img decoding=\"async\" width=\"1024\" height=\"683\" src=\"https:\/\/drcristinavaduva.com\/wp-content\/uploads\/2024\/12\/female-medicine-doctor-filling-patient-medical-for-2023-11-27-05-23-34-utc-1024x683.jpg\" alt=\"\" class=\"wp-image-1714\" srcset=\"https:\/\/drcristinavaduva.com\/wp-content\/uploads\/2024\/12\/female-medicine-doctor-filling-patient-medical-for-2023-11-27-05-23-34-utc-1024x683.jpg 1024w, https:\/\/drcristinavaduva.com\/wp-content\/uploads\/2024\/12\/female-medicine-doctor-filling-patient-medical-for-2023-11-27-05-23-34-utc-300x200.jpg 300w, https:\/\/drcristinavaduva.com\/wp-content\/uploads\/2024\/12\/female-medicine-doctor-filling-patient-medical-for-2023-11-27-05-23-34-utc-768x512.jpg 768w, https:\/\/drcristinavaduva.com\/wp-content\/uploads\/2024\/12\/female-medicine-doctor-filling-patient-medical-for-2023-11-27-05-23-34-utc-1536x1024.jpg 1536w, https:\/\/drcristinavaduva.com\/wp-content\/uploads\/2024\/12\/female-medicine-doctor-filling-patient-medical-for-2023-11-27-05-23-34-utc-2048x1365.jpg 2048w, https:\/\/drcristinavaduva.com\/wp-content\/uploads\/2024\/12\/female-medicine-doctor-filling-patient-medical-for-2023-11-27-05-23-34-utc-18x12.jpg 18w\" sizes=\"(max-width: 1024px) 100vw, 1024px\" \/><\/figure>\n\n\n\n<p>El tratamiento de la apnea del sue\u00f1o no solo mejora la calidad del sue\u00f1o, sino que tambi\u00e9n reduce el riesgo de enfermedades graves. Consultar con un especialista ofrece ventajas que resultan clave para corregir adecuadamente esta condici\u00f3n:<\/p>\n\n\n\n<ul class=\"wp-block-list\">\n<li>Diagn\u00f3stico preciso.<\/li>\n\n\n\n<li>Tratamientos personalizados.<\/li>\n\n\n\n<li>Seguimiento continuo.<\/li>\n\n\n\n<li>Consejos adaptados para mejorar los h\u00e1bitos de sue\u00f1o.<\/li>\n\n\n\n<li>Monitoreo de la efectividad del tratamiento.<\/li>\n<\/ul>\n\n\n\n<p>El enfoque profesional garantiza resultados positivos y duraderos. Los pacientes recuperan su energ\u00eda, su concentraci\u00f3n y su estabilidad emocional.<\/p>\n\n\n\n<h2 class=\"wp-block-heading\"><strong>Beneficios cuando se quita la apnea del sue\u00f1o a tiempo<\/strong><\/h2>\n\n\n\n<p>No tratar la <a href=\"https:\/\/drcristinavaduva.com\/ro\/consulta-de-sueno\/\" target=\"_blank\" rel=\"noreferrer noopener\">apnea del sue\u00f1o<\/a> puede traer consecuencias graves a largo plazo. Actuar a tiempo es fundamental para prevenir complicaciones. Estas son algunas de las mejoras que podr\u00e1s notar con un tratamiento correcto seg\u00fan tu caso:<\/p>\n\n\n\n<ul class=\"wp-block-list\">\n<li>Reducci\u00f3n de los ronquidos.<\/li>\n\n\n\n<li>Sue\u00f1o m\u00e1s profundo y reparador.<\/li>\n\n\n\n<li>M\u00e1s energ\u00eda durante el d\u00eda.<\/li>\n\n\n\n<li>Menor riesgo de enfermedades card\u00edacas.<\/li>\n\n\n\n<li>Mejor concentraci\u00f3n y memoria.<\/li>\n\n\n\n<li>Reducci\u00f3n de la irritabilidad.<\/li>\n\n\n\n<li>Menor riesgo de accidentes relacionados con la somnolencia.<\/li>\n\n\n\n<li>Bienestar emocional mejorado.<\/li>\n<\/ul>\n\n\n\n<h2 class=\"wp-block-heading\"><strong>Quita la apnea del sue\u00f1o con la mejor opci\u00f3n<\/strong><\/h2>\n\n\n\n<p>Si buscas una soluci\u00f3n efectiva para la <strong>apnea del sue\u00f1o<\/strong>, la cl\u00ednica de la Dra. Cristina Vaduva es una excelente opci\u00f3n. Con tecnolog\u00eda avanzada, estudios especializados y un equipo profesional altamente capacitado, ofrecen soluciones adaptadas a cada paciente.<\/p>\n\n\n\n<p>En esta cl\u00ednica, recibir\u00e1s:<\/p>\n\n\n\n<ul class=\"wp-block-list\">\n<li>Diagn\u00f3stico preciso.<\/li>\n\n\n\n<li>Tratamientos innovadores.<\/li>\n\n\n\n<li>Acompa\u00f1amiento continuo.<\/li>\n\n\n\n<li>Consejos pr\u00e1cticos para mejorar el sue\u00f1o.<\/li>\n<\/ul>\n\n\n\n<p>No dejes que la apnea del sue\u00f1o siga afectando tu vida. \u00a1Agenda tu consulta hoy mismo en la cl\u00ednica de la Dra. Cristina Vaduva! Da el primer paso hacia una vida m\u00e1s saludable y un sue\u00f1o verdaderamente reparador.<\/p>\n\n\n\n<h4 class=\"wp-block-heading\"><strong>Ten un descanso placentero sin interrupciones<\/strong><\/h4>\n\n\n\n<p>La apnea del sue\u00f1o es un trastorno serio que requiere atenci\u00f3n m\u00e9dica especializada. Con el apoyo de profesionales como los de la cl\u00ednica de la Dra. Cristina Vaduva, es posible mejorar el descanso y la salud general. No esperes m\u00e1s y prioriza tu bienestar f\u00edsico, mental y emocional agendando tu <a href=\"https:\/\/drcristinavaduva.com\/ro\/contacto\/\" target=\"_blank\" rel=\"noreferrer noopener\">primera consulta<\/a> de sue\u00f1o ya. \u00a1Tu descanso merece ser una prioridad!<\/p>","protected":false},"excerpt":{"rendered":"<p>La apnea del sue\u00f1o es un trastorno respiratorio com\u00fan que afecta a millones de personas en todo el mundo. Este problema no solo reduce la calidad del sue\u00f1o, sino que la apnea tambi\u00e9n quita bienestar general, causando complicaciones de salud. Entre ellas se encuentran la hipertensi\u00f3n, enfermedades card\u00edacas y accidentes cerebrovasculares. Adem\u00e1s, la fatiga constante &hellip;<\/p>\n<p class=\"read-more\"> <a class=\"\" href=\"https:\/\/drcristinavaduva.com\/ro\/como-se-quita-la-apnea-del-sueno\/\"> <span class=\"screen-reader-text\">\u00bfC\u00f3mo se quita la apnea del sue\u00f1o?<\/span> Read More &raquo;<\/a><\/p>","protected":false},"author":2,"featured_media":1706,"comment_status":"open","ping_status":"open","sticky":false,"template":"","format":"standard","meta":{"site-sidebar-layout":"default","site-content-layout":"default","ast-global-header-display":"","ast-banner-title-visibility":"","ast-main-header-display":"","ast-hfb-above-header-display":"","ast-hfb-below-header-display":"","ast-hfb-mobile-header-display":"","site-post-title":"","ast-breadcrumbs-content":"","ast-featured-img":"","footer-sml-layout":"","theme-transparent-header-meta":"","adv-header-id-meta":"","stick-header-meta":"","header-above-stick-meta":"","header-main-stick-meta":"","header-below-stick-meta":"","footnotes":""},"categories":[1],"tags":[21,22,24,25,23],"class_list":["post-1770","post","type-post","status-publish","format-standard","has-post-thumbnail","hentry","category-uncategorized","tag-apnea","tag-apnea-de-sueno","tag-dormir-bien","tag-dormir-con-apnea","tag-ronquidos"],"yoast_head":"<!-- This site is optimized with the Yoast SEO plugin v21.2 - https:\/\/yoast.com\/wordpress\/plugins\/seo\/ -->\n<title>\u00bfC\u00f3mo se quita la apnea del sue\u00f1o? | Dra. Cristina Vaduva<\/title>\n<meta name=\"description\" content=\"\u00bfC\u00f3mo se quita la apnea del sue\u00f1o? Te contamos los mejores tratamientos y por qu\u00e9 recibir asesor\u00eda m\u00e9dica para tener un descanso de calidad.\" \/>\n<meta name=\"robots\" content=\"index, follow, max-snippet:-1, max-image-preview:large, max-video-preview:-1\" \/>\n<link rel=\"canonical\" href=\"https:\/\/drcristinavaduva.com\/ro\/como-se-quita-la-apnea-del-sueno\/\" \/>\n<meta property=\"og:locale\" content=\"ro_RO\" \/>\n<meta property=\"og:type\" content=\"article\" \/>\n<meta property=\"og:title\" content=\"\u00bfC\u00f3mo se quita la apnea del sue\u00f1o? | Dra. Cristina Vaduva\" \/>\n<meta property=\"og:description\" content=\"\u00bfC\u00f3mo se quita la apnea del sue\u00f1o? Te contamos los mejores tratamientos y por qu\u00e9 recibir asesor\u00eda m\u00e9dica para tener un descanso de calidad.\" \/>\n<meta property=\"og:url\" content=\"https:\/\/drcristinavaduva.com\/ro\/como-se-quita-la-apnea-del-sueno\/\" \/>\n<meta property=\"og:site_name\" content=\"Dra Cristina Vaduva\" \/>\n<meta property=\"article:published_time\" content=\"2024-12-23T05:03:11+00:00\" \/>\n<meta property=\"article:modified_time\" content=\"2025-01-13T04:32:25+00:00\" \/>\n<meta property=\"og:image\" content=\"https:\/\/drcristinavaduva.com\/wp-content\/uploads\/2024\/12\/health-and-snoring-concept-stressful-brunette-fem-2023-11-27-05-06-09-utc-scaled.jpg\" \/>\n\t<meta property=\"og:image:width\" content=\"2560\" \/>\n\t<meta property=\"og:image:height\" content=\"1707\" \/>\n\t<meta property=\"og:image:type\" content=\"image\/jpeg\" \/>\n<meta name=\"author\" content=\"Ana\" \/>\n<meta name=\"twitter:card\" content=\"summary_large_image\" \/>\n<meta name=\"twitter:label1\" content=\"Scris de\" \/>\n\t<meta name=\"twitter:data1\" content=\"Ana\" \/>\n\t<meta name=\"twitter:label2\" content=\"Timp estimat pentru citire\" \/>\n\t<meta name=\"twitter:data2\" content=\"5 minute\" \/>\n<script type=\"application\/ld+json\" class=\"yoast-schema-graph\">{\"@context\":\"https:\/\/schema.org\",\"@graph\":[{\"@type\":\"WebPage\",\"@id\":\"https:\/\/drcristinavaduva.com\/como-se-quita-la-apnea-del-sueno\/\",\"url\":\"https:\/\/drcristinavaduva.com\/como-se-quita-la-apnea-del-sueno\/\",\"name\":\"\u00bfC\u00f3mo se quita la apnea del sue\u00f1o? | Dra. Cristina Vaduva\",\"isPartOf\":{\"@id\":\"https:\/\/drcristinavaduva.com\/#website\"},\"datePublished\":\"2024-12-23T05:03:11+00:00\",\"dateModified\":\"2025-01-13T04:32:25+00:00\",\"author\":{\"@id\":\"https:\/\/drcristinavaduva.com\/#\/schema\/person\/95f2e78bc1ea95dee6010d3c27548170\"},\"description\":\"\u00bfC\u00f3mo se quita la apnea del sue\u00f1o? Te contamos los mejores tratamientos y por qu\u00e9 recibir asesor\u00eda m\u00e9dica para tener un descanso de calidad.\",\"breadcrumb\":{\"@id\":\"https:\/\/drcristinavaduva.com\/como-se-quita-la-apnea-del-sueno\/#breadcrumb\"},\"inLanguage\":\"ro-RO\",\"potentialAction\":[{\"@type\":\"ReadAction\",\"target\":[\"https:\/\/drcristinavaduva.com\/como-se-quita-la-apnea-del-sueno\/\"]}]},{\"@type\":\"BreadcrumbList\",\"@id\":\"https:\/\/drcristinavaduva.com\/como-se-quita-la-apnea-del-sueno\/#breadcrumb\",\"itemListElement\":[{\"@type\":\"ListItem\",\"position\":1,\"name\":\"Portada\",\"item\":\"https:\/\/drcristinavaduva.com\/\"},{\"@type\":\"ListItem\",\"position\":2,\"name\":\"\u00bfC\u00f3mo se quita la apnea del sue\u00f1o?\"}]},{\"@type\":\"WebSite\",\"@id\":\"https:\/\/drcristinavaduva.com\/#website\",\"url\":\"https:\/\/drcristinavaduva.com\/\",\"name\":\"Dra Cristina Vaduva\",\"description\":\"\",\"potentialAction\":[{\"@type\":\"SearchAction\",\"target\":{\"@type\":\"EntryPoint\",\"urlTemplate\":\"https:\/\/drcristinavaduva.com\/?s={search_term_string}\"},\"query-input\":\"required name=search_term_string\"}],\"inLanguage\":\"ro-RO\"},{\"@type\":\"Person\",\"@id\":\"https:\/\/drcristinavaduva.com\/#\/schema\/person\/95f2e78bc1ea95dee6010d3c27548170\",\"name\":\"Ana\",\"image\":{\"@type\":\"ImageObject\",\"inLanguage\":\"ro-RO\",\"@id\":\"https:\/\/drcristinavaduva.com\/#\/schema\/person\/image\/\",\"url\":\"https:\/\/secure.gravatar.com\/avatar\/d1840ae14902e8e3bfcc36c2673930ef50ff09f785d2c339c8c9c57fb40576bf?s=96&d=mm&r=g\",\"contentUrl\":\"https:\/\/secure.gravatar.com\/avatar\/d1840ae14902e8e3bfcc36c2673930ef50ff09f785d2c339c8c9c57fb40576bf?s=96&d=mm&r=g\",\"caption\":\"Ana\"},\"url\":\"https:\/\/drcristinavaduva.com\/ro\/author\/ana\/\"}]}<\/script>\n<!-- \/ Yoast SEO plugin. -->","yoast_head_json":{"title":"\u00bfC\u00f3mo se quita la apnea del sue\u00f1o? | Dra. Cristina Vaduva","description":"\u00bfC\u00f3mo se quita la apnea del sue\u00f1o? Te contamos los mejores tratamientos y por qu\u00e9 recibir asesor\u00eda m\u00e9dica para tener un descanso de calidad.","robots":{"index":"index","follow":"follow","max-snippet":"max-snippet:-1","max-image-preview":"max-image-preview:large","max-video-preview":"max-video-preview:-1"},"canonical":"https:\/\/drcristinavaduva.com\/ro\/como-se-quita-la-apnea-del-sueno\/","og_locale":"ro_RO","og_type":"article","og_title":"\u00bfC\u00f3mo se quita la apnea del sue\u00f1o? | Dra. Cristina Vaduva","og_description":"\u00bfC\u00f3mo se quita la apnea del sue\u00f1o? Te contamos los mejores tratamientos y por qu\u00e9 recibir asesor\u00eda m\u00e9dica para tener un descanso de calidad.","og_url":"https:\/\/drcristinavaduva.com\/ro\/como-se-quita-la-apnea-del-sueno\/","og_site_name":"Dra Cristina Vaduva","article_published_time":"2024-12-23T05:03:11+00:00","article_modified_time":"2025-01-13T04:32:25+00:00","og_image":[{"width":2560,"height":1707,"url":"https:\/\/drcristinavaduva.com\/wp-content\/uploads\/2024\/12\/health-and-snoring-concept-stressful-brunette-fem-2023-11-27-05-06-09-utc-scaled.jpg","type":"image\/jpeg"}],"author":"Ana","twitter_card":"summary_large_image","twitter_misc":{"Scris de":"Ana","Timp estimat pentru citire":"5 minute"},"schema":{"@context":"https:\/\/schema.org","@graph":[{"@type":"WebPage","@id":"https:\/\/drcristinavaduva.com\/como-se-quita-la-apnea-del-sueno\/","url":"https:\/\/drcristinavaduva.com\/como-se-quita-la-apnea-del-sueno\/","name":"\u00bfC\u00f3mo se quita la apnea del sue\u00f1o? | Dra. Cristina Vaduva","isPartOf":{"@id":"https:\/\/drcristinavaduva.com\/#website"},"datePublished":"2024-12-23T05:03:11+00:00","dateModified":"2025-01-13T04:32:25+00:00","author":{"@id":"https:\/\/drcristinavaduva.com\/#\/schema\/person\/95f2e78bc1ea95dee6010d3c27548170"},"description":"\u00bfC\u00f3mo se quita la apnea del sue\u00f1o? Te contamos los mejores tratamientos y por qu\u00e9 recibir asesor\u00eda m\u00e9dica para tener un descanso de calidad.","breadcrumb":{"@id":"https:\/\/drcristinavaduva.com\/como-se-quita-la-apnea-del-sueno\/#breadcrumb"},"inLanguage":"ro-RO","potentialAction":[{"@type":"ReadAction","target":["https:\/\/drcristinavaduva.com\/como-se-quita-la-apnea-del-sueno\/"]}]},{"@type":"BreadcrumbList","@id":"https:\/\/drcristinavaduva.com\/como-se-quita-la-apnea-del-sueno\/#breadcrumb","itemListElement":[{"@type":"ListItem","position":1,"name":"Portada","item":"https:\/\/drcristinavaduva.com\/"},{"@type":"ListItem","position":2,"name":"\u00bfC\u00f3mo se quita la apnea del sue\u00f1o?"}]},{"@type":"WebSite","@id":"https:\/\/drcristinavaduva.com\/#website","url":"https:\/\/drcristinavaduva.com\/","name":"Dra Cristina Vaduva","description":"","potentialAction":[{"@type":"SearchAction","target":{"@type":"EntryPoint","urlTemplate":"https:\/\/drcristinavaduva.com\/?s={search_term_string}"},"query-input":"required name=search_term_string"}],"inLanguage":"ro-RO"},{"@type":"Person","@id":"https:\/\/drcristinavaduva.com\/#\/schema\/person\/95f2e78bc1ea95dee6010d3c27548170","name":"Ana","image":{"@type":"ImageObject","inLanguage":"ro-RO","@id":"https:\/\/drcristinavaduva.com\/#\/schema\/person\/image\/","url":"https:\/\/secure.gravatar.com\/avatar\/d1840ae14902e8e3bfcc36c2673930ef50ff09f785d2c339c8c9c57fb40576bf?s=96&d=mm&r=g","contentUrl":"https:\/\/secure.gravatar.com\/avatar\/d1840ae14902e8e3bfcc36c2673930ef50ff09f785d2c339c8c9c57fb40576bf?s=96&d=mm&r=g","caption":"Ana"},"url":"https:\/\/drcristinavaduva.com\/ro\/author\/ana\/"}]}},"_links":{"self":[{"href":"https:\/\/drcristinavaduva.com\/ro\/wp-json\/wp\/v2\/posts\/1770","targetHints":{"allow":["GET"]}}],"collection":[{"href":"https:\/\/drcristinavaduva.com\/ro\/wp-json\/wp\/v2\/posts"}],"about":[{"href":"https:\/\/drcristinavaduva.com\/ro\/wp-json\/wp\/v2\/types\/post"}],"author":[{"embeddable":true,"href":"https:\/\/drcristinavaduva.com\/ro\/wp-json\/wp\/v2\/users\/2"}],"replies":[{"embeddable":true,"href":"https:\/\/drcristinavaduva.com\/ro\/wp-json\/wp\/v2\/comments?post=1770"}],"version-history":[{"count":1,"href":"https:\/\/drcristinavaduva.com\/ro\/wp-json\/wp\/v2\/posts\/1770\/revisions"}],"predecessor-version":[{"id":1771,"href":"https:\/\/drcristinavaduva.com\/ro\/wp-json\/wp\/v2\/posts\/1770\/revisions\/1771"}],"wp:featuredmedia":[{"embeddable":true,"href":"https:\/\/drcristinavaduva.com\/ro\/wp-json\/wp\/v2\/media\/1706"}],"wp:attachment":[{"href":"https:\/\/drcristinavaduva.com\/ro\/wp-json\/wp\/v2\/media?parent=1770"}],"wp:term":[{"taxonomy":"category","embeddable":true,"href":"https:\/\/drcristinavaduva.com\/ro\/wp-json\/wp\/v2\/categories?post=1770"},{"taxonomy":"post_tag","embeddable":true,"href":"https:\/\/drcristinavaduva.com\/ro\/wp-json\/wp\/v2\/tags?post=1770"}],"curies":[{"name":"wp","href":"https:\/\/api.w.org\/{rel}","templated":true}]}}