{"id":1763,"date":"2024-12-13T20:44:43","date_gmt":"2024-12-13T20:44:43","guid":{"rendered":"https:\/\/drcristinavaduva.com\/?p=1763"},"modified":"2025-01-13T04:32:33","modified_gmt":"2025-01-13T04:32:33","slug":"que-siente-una-persona-con-apnea-del-sueno","status":"publish","type":"post","link":"https:\/\/drcristinavaduva.com\/ro\/que-siente-una-persona-con-apnea-del-sueno\/","title":{"rendered":"\u00bfQu\u00e9 siente una persona con apnea del sue\u00f1o?"},"content":{"rendered":"<p>La apnea del sue\u00f1o es un trastorno que interrumpe la respiraci\u00f3n durante el sue\u00f1o.&nbsp;<strong>Las personas que padecen esta condici\u00f3n experimentan s\u00edntomas que afectan su calidad de vida y bienestar general.<\/strong>&nbsp;Es natural preguntarse que es lo que siente una persona cuando padece apnea del sue\u00f1o. Y es que comprender estas sensaciones es esencial para reconocer la importancia de buscar tratamiento.<\/p>\n\n\n\n<p>La doctora&nbsp;<a href=\"https:\/\/drcristinavaduva.com\/ro\/inicio\/\" target=\"_blank\" rel=\"noreferrer noopener\">Cristina Vaduva<\/a> sabe que la apnea del sue\u00f1o puede tener un impacto significativo en tu vida diaria. Por eso, tiene diversas opciones de diagn\u00f3stico y tratamiento para ayudar a quienes sufren de esta afecci\u00f3n. A continuaci\u00f3n, exploraremos los s\u00edntomas y las sensaciones que experimentan las personas con apnea del sue\u00f1o.<\/p>\n\n\n\n<h2 class=\"wp-block-heading\">Qu\u00e9 se siente al tener apnea del sue\u00f1o<\/h2>\n\n\n\n<p>Un mal descanso por apnea del sue\u00f1o tiene consecuencias progresivas que van asoci\u00e1ndose y se siente la diferencia en el modo de dormir del afectado. A continuaci\u00f3n te mencionamos cu\u00e1les son los s\u00edntomas comunes de apnea del sue\u00f1o y c\u00f3mo pueden afectar:<\/p>\n\n\n\n<h3 class=\"wp-block-heading\">Somnolencia diurna excesiva<\/h3>\n\n\n\n<p>Una de las sensaciones m\u00e1s comunes de la <a href=\"https:\/\/drcristinavaduva.com\/ro\/consulta-de-sueno\/\" target=\"_blank\" rel=\"noreferrer noopener\">apnea del sue\u00f1o<\/a> es la&nbsp;<strong>somnolencia excesiva durante el d\u00eda<\/strong>. Esto ocurre porque las interrupciones en la respiraci\u00f3n impiden que el cuerpo alcance un sue\u00f1o reparador.&nbsp;<strong>Como resultado, muchas personas se sienten cansadas y fatigadas<\/strong>, incluso despu\u00e9s de haber dormido varias horas. Esta somnolencia puede afectar su rendimiento en el trabajo y sus actividades diarias.<\/p>\n\n\n\n<h3 class=\"wp-block-heading\">Ronquidos y pausas en la respiraci\u00f3n<\/h3>\n\n\n\n<p>Los ronquidos son un s\u00edntoma caracter\u00edstico de la apnea del sue\u00f1o.&nbsp;<strong>A menudo, estos ronquidos son tan fuertes que pueden ser escuchados por otras personas en la habitaci\u00f3n.<\/strong>&nbsp;Adem\u00e1s, pueden ir acompa\u00f1ados de pausas en la respiraci\u00f3n, seguidas de un jadeo o un sonido de ahogo cuando la persona intenta volver a respirar.&nbsp;<strong>Este patr\u00f3n puede repetirse numerosas veces a lo largo de la noche<\/strong>, contribuyendo a un sue\u00f1o agitado.<\/p>\n\n\n\n<h3 class=\"wp-block-heading\">Dolores de cabeza matutinos<\/h3>\n\n\n\n<p>Al despertar, muchas personas con apnea del sue\u00f1o experimentan&nbsp;<strong>dolores de cabeza persistentes<\/strong>. Estos dolores pueden ser causados por la falta de ox\u00edgeno durante la noche y las interrupciones en el sue\u00f1o.&nbsp;<strong>Despertarse con dolor de cabeza puede ser frustrante<\/strong>&nbsp;y afectar el estado de \u00e1nimo y la productividad durante el d\u00eda.<\/p>\n\n\n\n<h3 class=\"wp-block-heading\">Cambios en el estado de \u00e1nimo<\/h3>\n\n\n\n<p>La <a href=\"https:\/\/drcristinavaduva.com\/ro\/consulta-de-sueno\/\" target=\"_blank\" rel=\"noreferrer noopener\">apnea del sue\u00f1o<\/a> tambi\u00e9n influye negativamente en el estado emocional.&nbsp;<strong>Las personas afectadas pueden experimentar irritabilidad, ansiedad o incluso depresi\u00f3n<\/strong>. Esto se debe a la falta de descanso adecuado y al estr\u00e9s acumulado por las noches interrumpidas.&nbsp;<strong>La combinaci\u00f3n de fatiga y cambios emocionales puede afectar las relaciones personales y laborales<\/strong>.<\/p>\n\n\n\n<figure class=\"wp-block-image size-large\"><img fetchpriority=\"high\" decoding=\"async\" width=\"1024\" height=\"578\" src=\"https:\/\/drcristinavaduva.com\/wp-content\/uploads\/2024\/12\/ai-generated-8498787_1280-1-1024x578.jpg\" alt=\"\" class=\"wp-image-1766\" srcset=\"https:\/\/drcristinavaduva.com\/wp-content\/uploads\/2024\/12\/ai-generated-8498787_1280-1-1024x578.jpg 1024w, https:\/\/drcristinavaduva.com\/wp-content\/uploads\/2024\/12\/ai-generated-8498787_1280-1-300x169.jpg 300w, https:\/\/drcristinavaduva.com\/wp-content\/uploads\/2024\/12\/ai-generated-8498787_1280-1-768x434.jpg 768w, https:\/\/drcristinavaduva.com\/wp-content\/uploads\/2024\/12\/ai-generated-8498787_1280-1-18x10.jpg 18w, https:\/\/drcristinavaduva.com\/wp-content\/uploads\/2024\/12\/ai-generated-8498787_1280-1.jpg 1280w\" sizes=\"(max-width: 1024px) 100vw, 1024px\" \/><\/figure>\n\n\n\n<h3 class=\"wp-block-heading\">Problemas cognitivos<\/h3>\n\n\n\n<p>Otro s\u00edntoma com\u00fan es la dificultad para concentrarse o recordar cosas.&nbsp;<strong>La falta de sue\u00f1o reparador impacta negativamente en las funciones cognitivas<\/strong>, lo que puede llevar a problemas en el trabajo o en actividades diarias. Las personas pueden sentirse confundidas o desorientadas, aumentando su frustraci\u00f3n.<\/p>\n\n\n\n<h2 class=\"wp-block-heading\">Sensaciones f\u00edsicas<\/h2>\n\n\n\n<p>La apnea del sue\u00f1o no se limita a acarrear complicaciones relacionadas con el descanso y la hora de dormir. Adem\u00e1s de ello, padecerla por un tiempo prolongado puede traer consecuencias f\u00edsicas. Las mismas pueden corregirse una vez se recupera la calidad de sue\u00f1o necesaria. Algunos de los malestares f\u00edsicos que se siente por la apnea del sue\u00f1o son los siguientes:<\/p>\n\n\n\n<h3 class=\"wp-block-heading\">Sequedad bucal y garganta<\/h3>\n\n\n\n<p>Algunas personas con apnea del sue\u00f1o se despiertan con&nbsp;<strong>sequedad en la boca o dolor de garganta<\/strong>. Esto sucede porque tienden a respirar por la boca durante la noche debido a las obstrucciones respiratorias.&nbsp;<strong>Esta sensaci\u00f3n puede ser inc\u00f3moda y contribuir a problemas adicionales como caries dentales o infecciones bucales<\/strong>.<\/p>\n\n\n\n<h3 class=\"wp-block-heading\">Aumento de peso<\/h3>\n\n\n\n<p>Es com\u00fan que quienes padecen apnea del sue\u00f1o experimenten aumento de peso o dificultad para perderlo.&nbsp;<strong>Esto se debe a que la falta de sue\u00f1o altera las hormonas relacionadas con el apetito<\/strong>, lo que lleva a un mayor deseo de alimentos poco saludables. Este ciclo puede agravar a\u00fan m\u00e1s los problemas respiratorios durante el sue\u00f1o.<\/p>\n\n\n\n<h2 class=\"wp-block-heading\">Consecuencias a largo plazo<\/h2>\n\n\n\n<p>Si no se trata, la apnea del sue\u00f1o puede tener consecuencias graves para la salud.&nbsp;<strong>Las personas pueden desarrollar hipertensi\u00f3n, enfermedades card\u00edacas e incluso diabetes tipo 2<\/strong>&nbsp;debido al estr\u00e9s constante sobre el cuerpo causado por las interrupciones del sue\u00f1o. Adem\u00e1s, hay un mayor riesgo de accidentes laborales o automovil\u00edsticos debido a la somnolencia diurna.<\/p>\n\n\n\n<h4 class=\"wp-block-heading\">Mejora tu calidad de vida con Cristina Vaduva<\/h4>\n\n\n\n<p>La apnea del sue\u00f1o es un trastorno serio que afecta no solo el descanso nocturno, sino tambi\u00e9n la calidad de vida general.&nbsp;<strong>Si crees que puedes estar sufriendo apnea del sue\u00f1o, es fundamental consultar con un especialista.<\/strong> Agenda ahora una consulta con la doctora Cristina Vaduva para obtener un diagn\u00f3stico adecuado&nbsp;y explorar opciones de tratamiento efectivas.<\/p>\n\n\n\n<p><\/p>","protected":false},"excerpt":{"rendered":"<p>La apnea del sue\u00f1o es un trastorno que interrumpe la respiraci\u00f3n durante el sue\u00f1o.&nbsp;Las personas que padecen esta condici\u00f3n experimentan s\u00edntomas que afectan su calidad de vida y bienestar general.&nbsp;Es natural preguntarse que es lo que siente una persona cuando padece apnea del sue\u00f1o. Y es que comprender estas sensaciones es esencial para reconocer la &hellip;<\/p>\n<p class=\"read-more\"> <a class=\"\" href=\"https:\/\/drcristinavaduva.com\/ro\/que-siente-una-persona-con-apnea-del-sueno\/\"> <span class=\"screen-reader-text\">\u00bfQu\u00e9 siente una persona con apnea del sue\u00f1o?<\/span> Read More &raquo;<\/a><\/p>","protected":false},"author":2,"featured_media":1765,"comment_status":"open","ping_status":"open","sticky":false,"template":"","format":"standard","meta":{"site-sidebar-layout":"default","site-content-layout":"default","ast-global-header-display":"","ast-banner-title-visibility":"","ast-main-header-display":"","ast-hfb-above-header-display":"","ast-hfb-below-header-display":"","ast-hfb-mobile-header-display":"","site-post-title":"","ast-breadcrumbs-content":"","ast-featured-img":"","footer-sml-layout":"","theme-transparent-header-meta":"","adv-header-id-meta":"","stick-header-meta":"","header-above-stick-meta":"","header-main-stick-meta":"","header-below-stick-meta":"","footnotes":""},"categories":[1],"tags":[21,22,24,25,23],"class_list":["post-1763","post","type-post","status-publish","format-standard","has-post-thumbnail","hentry","category-uncategorized","tag-apnea","tag-apnea-de-sueno","tag-dormir-bien","tag-dormir-con-apnea","tag-ronquidos"],"yoast_head":"<!-- This site is optimized with the Yoast SEO plugin v21.2 - https:\/\/yoast.com\/wordpress\/plugins\/seo\/ -->\n<title>\u00bfQu\u00e9 siente una persona con apnea del sue\u00f1o? - Dra Cristina Vaduva<\/title>\n<meta name=\"description\" content=\"\u00bfTe interesa concoer qu\u00e9 siente una persona con apnea del sue\u00f1o? La Dra. Cristina Vaduva te cuenta todo lo que necesitas saber aqu\u00ed.\" \/>\n<meta name=\"robots\" content=\"index, follow, max-snippet:-1, max-image-preview:large, max-video-preview:-1\" \/>\n<link rel=\"canonical\" href=\"https:\/\/drcristinavaduva.com\/ro\/que-siente-una-persona-con-apnea-del-sueno\/\" \/>\n<meta property=\"og:locale\" content=\"ro_RO\" \/>\n<meta property=\"og:type\" content=\"article\" \/>\n<meta property=\"og:title\" content=\"\u00bfQu\u00e9 siente una persona con apnea del sue\u00f1o? - Dra Cristina Vaduva\" \/>\n<meta property=\"og:description\" content=\"\u00bfTe interesa concoer qu\u00e9 siente una persona con apnea del sue\u00f1o? La Dra. Cristina Vaduva te cuenta todo lo que necesitas saber aqu\u00ed.\" \/>\n<meta property=\"og:url\" content=\"https:\/\/drcristinavaduva.com\/ro\/que-siente-una-persona-con-apnea-del-sueno\/\" \/>\n<meta property=\"og:site_name\" content=\"Dra Cristina Vaduva\" \/>\n<meta property=\"article:published_time\" content=\"2024-12-13T20:44:43+00:00\" \/>\n<meta property=\"article:modified_time\" content=\"2025-01-13T04:32:33+00:00\" \/>\n<meta property=\"og:image\" content=\"https:\/\/drcristinavaduva.com\/wp-content\/uploads\/2024\/12\/pexels-cottonbro-6941117.jpg\" \/>\n\t<meta property=\"og:image:width\" content=\"800\" \/>\n\t<meta property=\"og:image:height\" content=\"533\" \/>\n\t<meta property=\"og:image:type\" content=\"image\/jpeg\" \/>\n<meta name=\"author\" content=\"Ana\" \/>\n<meta name=\"twitter:card\" content=\"summary_large_image\" \/>\n<meta name=\"twitter:label1\" content=\"Scris de\" \/>\n\t<meta name=\"twitter:data1\" content=\"Ana\" \/>\n\t<meta name=\"twitter:label2\" content=\"Timp estimat pentru citire\" \/>\n\t<meta name=\"twitter:data2\" content=\"4 minute\" \/>\n<script type=\"application\/ld+json\" class=\"yoast-schema-graph\">{\"@context\":\"https:\/\/schema.org\",\"@graph\":[{\"@type\":\"WebPage\",\"@id\":\"https:\/\/drcristinavaduva.com\/que-siente-una-persona-con-apnea-del-sueno\/\",\"url\":\"https:\/\/drcristinavaduva.com\/que-siente-una-persona-con-apnea-del-sueno\/\",\"name\":\"\u00bfQu\u00e9 siente una persona con apnea del sue\u00f1o? - Dra Cristina Vaduva\",\"isPartOf\":{\"@id\":\"https:\/\/drcristinavaduva.com\/#website\"},\"datePublished\":\"2024-12-13T20:44:43+00:00\",\"dateModified\":\"2025-01-13T04:32:33+00:00\",\"author\":{\"@id\":\"https:\/\/drcristinavaduva.com\/#\/schema\/person\/95f2e78bc1ea95dee6010d3c27548170\"},\"description\":\"\u00bfTe interesa concoer qu\u00e9 siente una persona con apnea del sue\u00f1o? La Dra. Cristina Vaduva te cuenta todo lo que necesitas saber aqu\u00ed.\",\"breadcrumb\":{\"@id\":\"https:\/\/drcristinavaduva.com\/que-siente-una-persona-con-apnea-del-sueno\/#breadcrumb\"},\"inLanguage\":\"ro-RO\",\"potentialAction\":[{\"@type\":\"ReadAction\",\"target\":[\"https:\/\/drcristinavaduva.com\/que-siente-una-persona-con-apnea-del-sueno\/\"]}]},{\"@type\":\"BreadcrumbList\",\"@id\":\"https:\/\/drcristinavaduva.com\/que-siente-una-persona-con-apnea-del-sueno\/#breadcrumb\",\"itemListElement\":[{\"@type\":\"ListItem\",\"position\":1,\"name\":\"Portada\",\"item\":\"https:\/\/drcristinavaduva.com\/\"},{\"@type\":\"ListItem\",\"position\":2,\"name\":\"\u00bfQu\u00e9 siente una persona con apnea del sue\u00f1o?\"}]},{\"@type\":\"WebSite\",\"@id\":\"https:\/\/drcristinavaduva.com\/#website\",\"url\":\"https:\/\/drcristinavaduva.com\/\",\"name\":\"Dra Cristina Vaduva\",\"description\":\"\",\"potentialAction\":[{\"@type\":\"SearchAction\",\"target\":{\"@type\":\"EntryPoint\",\"urlTemplate\":\"https:\/\/drcristinavaduva.com\/?s={search_term_string}\"},\"query-input\":\"required name=search_term_string\"}],\"inLanguage\":\"ro-RO\"},{\"@type\":\"Person\",\"@id\":\"https:\/\/drcristinavaduva.com\/#\/schema\/person\/95f2e78bc1ea95dee6010d3c27548170\",\"name\":\"Ana\",\"image\":{\"@type\":\"ImageObject\",\"inLanguage\":\"ro-RO\",\"@id\":\"https:\/\/drcristinavaduva.com\/#\/schema\/person\/image\/\",\"url\":\"https:\/\/secure.gravatar.com\/avatar\/d1840ae14902e8e3bfcc36c2673930ef50ff09f785d2c339c8c9c57fb40576bf?s=96&d=mm&r=g\",\"contentUrl\":\"https:\/\/secure.gravatar.com\/avatar\/d1840ae14902e8e3bfcc36c2673930ef50ff09f785d2c339c8c9c57fb40576bf?s=96&d=mm&r=g\",\"caption\":\"Ana\"},\"url\":\"https:\/\/drcristinavaduva.com\/ro\/author\/ana\/\"}]}<\/script>\n<!-- \/ Yoast SEO plugin. -->","yoast_head_json":{"title":"\u00bfQu\u00e9 siente una persona con apnea del sue\u00f1o? - Dra Cristina Vaduva","description":"\u00bfTe interesa concoer qu\u00e9 siente una persona con apnea del sue\u00f1o? La Dra. Cristina Vaduva te cuenta todo lo que necesitas saber aqu\u00ed.","robots":{"index":"index","follow":"follow","max-snippet":"max-snippet:-1","max-image-preview":"max-image-preview:large","max-video-preview":"max-video-preview:-1"},"canonical":"https:\/\/drcristinavaduva.com\/ro\/que-siente-una-persona-con-apnea-del-sueno\/","og_locale":"ro_RO","og_type":"article","og_title":"\u00bfQu\u00e9 siente una persona con apnea del sue\u00f1o? - Dra Cristina Vaduva","og_description":"\u00bfTe interesa concoer qu\u00e9 siente una persona con apnea del sue\u00f1o? La Dra. Cristina Vaduva te cuenta todo lo que necesitas saber aqu\u00ed.","og_url":"https:\/\/drcristinavaduva.com\/ro\/que-siente-una-persona-con-apnea-del-sueno\/","og_site_name":"Dra Cristina Vaduva","article_published_time":"2024-12-13T20:44:43+00:00","article_modified_time":"2025-01-13T04:32:33+00:00","og_image":[{"width":800,"height":533,"url":"https:\/\/drcristinavaduva.com\/wp-content\/uploads\/2024\/12\/pexels-cottonbro-6941117.jpg","type":"image\/jpeg"}],"author":"Ana","twitter_card":"summary_large_image","twitter_misc":{"Scris de":"Ana","Timp estimat pentru citire":"4 minute"},"schema":{"@context":"https:\/\/schema.org","@graph":[{"@type":"WebPage","@id":"https:\/\/drcristinavaduva.com\/que-siente-una-persona-con-apnea-del-sueno\/","url":"https:\/\/drcristinavaduva.com\/que-siente-una-persona-con-apnea-del-sueno\/","name":"\u00bfQu\u00e9 siente una persona con apnea del sue\u00f1o? - Dra Cristina Vaduva","isPartOf":{"@id":"https:\/\/drcristinavaduva.com\/#website"},"datePublished":"2024-12-13T20:44:43+00:00","dateModified":"2025-01-13T04:32:33+00:00","author":{"@id":"https:\/\/drcristinavaduva.com\/#\/schema\/person\/95f2e78bc1ea95dee6010d3c27548170"},"description":"\u00bfTe interesa concoer qu\u00e9 siente una persona con apnea del sue\u00f1o? La Dra. Cristina Vaduva te cuenta todo lo que necesitas saber aqu\u00ed.","breadcrumb":{"@id":"https:\/\/drcristinavaduva.com\/que-siente-una-persona-con-apnea-del-sueno\/#breadcrumb"},"inLanguage":"ro-RO","potentialAction":[{"@type":"ReadAction","target":["https:\/\/drcristinavaduva.com\/que-siente-una-persona-con-apnea-del-sueno\/"]}]},{"@type":"BreadcrumbList","@id":"https:\/\/drcristinavaduva.com\/que-siente-una-persona-con-apnea-del-sueno\/#breadcrumb","itemListElement":[{"@type":"ListItem","position":1,"name":"Portada","item":"https:\/\/drcristinavaduva.com\/"},{"@type":"ListItem","position":2,"name":"\u00bfQu\u00e9 siente una persona con apnea del sue\u00f1o?"}]},{"@type":"WebSite","@id":"https:\/\/drcristinavaduva.com\/#website","url":"https:\/\/drcristinavaduva.com\/","name":"Dra Cristina Vaduva","description":"","potentialAction":[{"@type":"SearchAction","target":{"@type":"EntryPoint","urlTemplate":"https:\/\/drcristinavaduva.com\/?s={search_term_string}"},"query-input":"required name=search_term_string"}],"inLanguage":"ro-RO"},{"@type":"Person","@id":"https:\/\/drcristinavaduva.com\/#\/schema\/person\/95f2e78bc1ea95dee6010d3c27548170","name":"Ana","image":{"@type":"ImageObject","inLanguage":"ro-RO","@id":"https:\/\/drcristinavaduva.com\/#\/schema\/person\/image\/","url":"https:\/\/secure.gravatar.com\/avatar\/d1840ae14902e8e3bfcc36c2673930ef50ff09f785d2c339c8c9c57fb40576bf?s=96&d=mm&r=g","contentUrl":"https:\/\/secure.gravatar.com\/avatar\/d1840ae14902e8e3bfcc36c2673930ef50ff09f785d2c339c8c9c57fb40576bf?s=96&d=mm&r=g","caption":"Ana"},"url":"https:\/\/drcristinavaduva.com\/ro\/author\/ana\/"}]}},"_links":{"self":[{"href":"https:\/\/drcristinavaduva.com\/ro\/wp-json\/wp\/v2\/posts\/1763","targetHints":{"allow":["GET"]}}],"collection":[{"href":"https:\/\/drcristinavaduva.com\/ro\/wp-json\/wp\/v2\/posts"}],"about":[{"href":"https:\/\/drcristinavaduva.com\/ro\/wp-json\/wp\/v2\/types\/post"}],"author":[{"embeddable":true,"href":"https:\/\/drcristinavaduva.com\/ro\/wp-json\/wp\/v2\/users\/2"}],"replies":[{"embeddable":true,"href":"https:\/\/drcristinavaduva.com\/ro\/wp-json\/wp\/v2\/comments?post=1763"}],"version-history":[{"count":2,"href":"https:\/\/drcristinavaduva.com\/ro\/wp-json\/wp\/v2\/posts\/1763\/revisions"}],"predecessor-version":[{"id":1767,"href":"https:\/\/drcristinavaduva.com\/ro\/wp-json\/wp\/v2\/posts\/1763\/revisions\/1767"}],"wp:featuredmedia":[{"embeddable":true,"href":"https:\/\/drcristinavaduva.com\/ro\/wp-json\/wp\/v2\/media\/1765"}],"wp:attachment":[{"href":"https:\/\/drcristinavaduva.com\/ro\/wp-json\/wp\/v2\/media?parent=1763"}],"wp:term":[{"taxonomy":"category","embeddable":true,"href":"https:\/\/drcristinavaduva.com\/ro\/wp-json\/wp\/v2\/categories?post=1763"},{"taxonomy":"post_tag","embeddable":true,"href":"https:\/\/drcristinavaduva.com\/ro\/wp-json\/wp\/v2\/tags?post=1763"}],"curies":[{"name":"wp","href":"https:\/\/api.w.org\/{rel}","templated":true}]}}