{"id":1645,"date":"2024-12-01T18:57:28","date_gmt":"2024-12-01T18:57:28","guid":{"rendered":"https:\/\/drcristinavaduva.com\/?p=1645"},"modified":"2025-01-13T04:32:42","modified_gmt":"2025-01-13T04:32:42","slug":"como-dejar-de-sufrir-de-apnea-del-sueno","status":"publish","type":"post","link":"https:\/\/drcristinavaduva.com\/ro\/como-dejar-de-sufrir-de-apnea-del-sueno\/","title":{"rendered":"\u00bfC\u00f3mo dejar de sufrir de apnea del sue\u00f1o?"},"content":{"rendered":"<p>a apnea del sue\u00f1o es un trastorno com\u00fan que afecta a millones de personas en todo el mundo. Se caracteriza por interrupciones en la respiraci\u00f3n durante el sue\u00f1o, lo que puede llevar a una serie de problemas de salud. Debido a que puede afectar significativamente la calidad de vida, muchos se preguntan como dejar de sufrir de apnea del sue\u00f1o.<\/p>\n\n\n\n<p>Si tambi\u00e9n lo has pensado alguna vez, este art\u00edculo te proporcionar\u00e1 informaci\u00f3n valiosa sobre sus causas, s\u00edntomas, cambios en el estilo de vida y opciones de tratamiento. La <a href=\"https:\/\/drcristinavaduva.com\/ro\/\" target=\"_blank\" rel=\"noreferrer noopener\">Dra. Cristina Vaduva<\/a>, especialista en trastornos del sue\u00f1o, nos guiar\u00e1 a trav\u00e9s de este proceso.<\/p>\n\n\n\n<h2 class=\"wp-block-heading\">\u00bfQu\u00e9 es la apnea del sue\u00f1o?<\/h2>\n\n\n\n<p>La <a href=\"https:\/\/drcristinavaduva.com\/ro\/consulta-de-sueno\/\" target=\"_blank\" rel=\"noreferrer noopener\">apnea del sue\u00f1o<\/a> es un trastorno que se manifiesta cuando la respiraci\u00f3n se interrumpe o se vuelve superficial durante el sue\u00f1o. Existen dos tipos principales:<\/p>\n\n\n\n<ul class=\"wp-block-list\">\n<li><strong>Apnea obstructiva del sue\u00f1o (AOS)<\/strong>: La m\u00e1s com\u00fan, ocurre cuando los m\u00fasculos de la garganta se relajan excesivamente durante el sue\u00f1o, lo que provoca un colapso temporal de las v\u00edas respiratorias.<\/li>\n\n\n\n<li><strong>Apnea central del sue\u00f1o (ACS)<\/strong>: Menos com\u00fan, se produce cuando el cerebro no env\u00eda se\u00f1ales adecuadas a los m\u00fasculos que controlan la respiraci\u00f3n.<\/li>\n<\/ul>\n\n\n\n<p>La apnea del sue\u00f1o puede tener consecuencias graves para la salud, incluyendo hipertensi\u00f3n, enfermedades card\u00edacas y accidentes cerebrovasculares. Seg\u00fan la Asociaci\u00f3n Americana del Sue\u00f1o, se estima que m\u00e1s de 22 millones de personas en los EE. UU. sufren de apnea del sue\u00f1o.<\/p>\n\n\n\n<h2 class=\"wp-block-heading\">\u00bfPor qu\u00e9 se puede sufrir de apnea del sue\u00f1o?<\/h2>\n\n\n\n<p>\u00bfAlguna vez te has preguntado que es lo que causa que tengas <a href=\"https:\/\/drcristinavaduva.com\/ro\/consulta-de-sueno\/\" target=\"_blank\" rel=\"noreferrer noopener\">apnea del sue\u00f1o<\/a>? Aqu\u00ed te contamos algunos de los diversos factores que pueden incidir en que sufras de esta condici\u00f3n al dormir:<\/p>\n\n\n\n<h3 class=\"wp-block-heading\">Factores anat\u00f3micos<\/h3>\n\n\n\n<p>La anatom\u00eda de las v\u00edas respiratorias puede contribuir significativamente a la aparici\u00f3n de la apnea obstructiva. Algunas personas pueden tener am\u00edgdalas o adenoides agrandadas, una mand\u00edbula inferior peque\u00f1a o una lengua grande que puede bloquear el paso del aire.<\/p>\n\n\n\n<h3 class=\"wp-block-heading\">Obesidad<\/h3>\n\n\n\n<p>La obesidad es uno de los factores m\u00e1s importantes asociados con la apnea del sue\u00f1o. El exceso de peso puede aumentar la cantidad de tejido blando en el cuello, lo que puede obstruir las v\u00edas respiratorias durante el sue\u00f1o.<\/p>\n\n\n\n<h3 class=\"wp-block-heading\">Otros factores<\/h3>\n\n\n\n<p>Adem\u00e1s de la obesidad, otros factores que pueden aumentar el riesgo incluyen:<\/p>\n\n\n\n<ul class=\"wp-block-list\">\n<li><strong>Consumo excesivo de alcohol<\/strong>: El alcohol relaja los m\u00fasculos de la garganta, lo que puede empeorar los episodios de apnea.<\/li>\n\n\n\n<li><strong>Uso de sedantes<\/strong>: Medicamentos sedantes pueden tener un efecto similar al alcohol.<\/li>\n\n\n\n<li><strong>Condiciones m\u00e9dicas<\/strong>: Enfermedades como hipertensi\u00f3n, diabetes tipo 2 y trastornos hormonales tambi\u00e9n est\u00e1n relacionadas con la apnea del sue\u00f1o.<\/li>\n<\/ul>\n\n\n\n<h2 class=\"wp-block-heading\">S\u00edntomas de la apnea del sue\u00f1o<\/h2>\n\n\n\n<p>Los s\u00edntomas m\u00e1s comunes de sufrir <a href=\"https:\/\/drcristinavaduva.com\/ro\/consulta-de-sueno\/\" target=\"_blank\" rel=\"noreferrer noopener\">apnea del sue\u00f1o<\/a> incluyen:<\/p>\n\n\n\n<ul class=\"wp-block-list\">\n<li>Ronquidos fuertes<\/li>\n\n\n\n<li>Pausas en la respiraci\u00f3n observadas por otra persona<\/li>\n\n\n\n<li>Somnolencia diurna excesiva<\/li>\n\n\n\n<li>Dificultad para concentrarse<\/li>\n\n\n\n<li>Irritabilidad y cambios en el estado de \u00e1nimo<\/li>\n\n\n\n<li>Despertar con sensaci\u00f3n de ahogo o falta de aire<\/li>\n<\/ul>\n\n\n\n<p>Si experimentas alguno de estos s\u00edntomas, es fundamental buscar atenci\u00f3n m\u00e9dica.<\/p>\n\n\n\n<h2 class=\"wp-block-heading\">Cambios para dejar de sufrir por la apnea del sue\u00f1o<\/h2>\n\n\n\n<p>Si la apnea del sue\u00f1o te hace sufrir un mal descanso, te aliviar\u00e1 saber que puedes dejar de pasar noches sin dormir haciendo algunos cambios en tu estilo de vida:<\/p>\n\n\n\n<h3 class=\"wp-block-heading\">P\u00e9rdida de peso<\/h3>\n\n\n\n<p>Una reducci\u00f3n significativa en el peso corporal puede mejorar o incluso resolver los s\u00edntomas en muchas personas con apnea obstructiva del sue\u00f1o. La p\u00e9rdida de peso reduce la presi\u00f3n sobre las v\u00edas respiratorias y disminuye el tejido blando en el cuello.<\/p>\n\n\n\n<h3 class=\"wp-block-heading\">Evitar alcohol y sedantes<\/h3>\n\n\n\n<p>Limitar o eliminar el consumo de alcohol y sedantes antes de dormir puede ayudar a mantener las v\u00edas respiratorias abiertas y reducir los episodios de apnea.<\/p>\n\n\n\n<h3 class=\"wp-block-heading\">Posici\u00f3n al dormir<\/h3>\n\n\n\n<p>Dormir sobre el lado en lugar de boca arriba puede ser beneficioso para aquellos con apnea obstructiva. Esta posici\u00f3n ayuda a mantener las v\u00edas respiratorias abiertas y reduce el riesgo de colapso.<\/p>\n\n\n\n<h2 class=\"wp-block-heading\">Opciones m\u00e9dicas para el tratamiento<\/h2>\n\n\n\n<figure class=\"wp-block-image size-full\"><img fetchpriority=\"high\" decoding=\"async\" width=\"800\" height=\"533\" src=\"https:\/\/drcristinavaduva.com\/wp-content\/uploads\/2024\/12\/pexels-olly-914910.jpg\" alt=\"\" class=\"wp-image-1647\" srcset=\"https:\/\/drcristinavaduva.com\/wp-content\/uploads\/2024\/12\/pexels-olly-914910.jpg 800w, https:\/\/drcristinavaduva.com\/wp-content\/uploads\/2024\/12\/pexels-olly-914910-300x200.jpg 300w, https:\/\/drcristinavaduva.com\/wp-content\/uploads\/2024\/12\/pexels-olly-914910-768x512.jpg 768w, https:\/\/drcristinavaduva.com\/wp-content\/uploads\/2024\/12\/pexels-olly-914910-18x12.jpg 18w\" sizes=\"(max-width: 800px) 100vw, 800px\" \/><\/figure>\n\n\n\n<p>Si los cambios en el estilo de vida no son suficientes para aliviar los s\u00edntomas, existen varias opciones m\u00e9dicas disponibles:<\/p>\n\n\n\n<h3 class=\"wp-block-heading\">CPAP (Presi\u00f3n Positiva Continua en las V\u00edas Respiratorias)<\/h3>\n\n\n\n<p>El CPAP es un dispositivo que proporciona una corriente constante de aire a trav\u00e9s de una m\u00e1scara facial mientras duermes. Esto ayuda a mantener las v\u00edas respiratorias abiertas y previene episodios de apnea.<\/p>\n\n\n\n<h3 class=\"wp-block-heading\">Dispositivos orales<\/h3>\n\n\n\n<p>Los dispositivos dentales pueden ayudar a mantener la mand\u00edbula en una posici\u00f3n adecuada para evitar obstrucciones en las v\u00edas respiratorias. Estos dispositivos son especialmente \u00fatiles para aquellos con apnea leve a moderada.<\/p>\n\n\n\n<h3 class=\"wp-block-heading\">Cirug\u00eda<\/h3>\n\n\n\n<p>En casos severos donde otros tratamientos no son efectivos, se pueden considerar opciones quir\u00fargicas para eliminar tejido obstructivo o corregir anomal\u00edas anat\u00f3micas.<\/p>\n\n\n\n<h4 class=\"wp-block-heading\">Consulta con un especialista<\/h4>\n\n\n\n<p>Es fundamental acudir a un m\u00e9dico especializado en trastornos del sue\u00f1o si sospechas que puedes tener apnea del sue\u00f1o. Un diagn\u00f3stico adecuado es crucial para determinar el tratamiento m\u00e1s efectivo seg\u00fan tus necesidades individuales.<\/p>\n\n\n\n<h2 class=\"wp-block-heading\">Preguntas Frecuentes<\/h2>\n\n\n\n<h3 class=\"wp-block-heading\">\u00bfLa apnea del sue\u00f1o se puede curar?<\/h3>\n\n\n\n<p>En muchos casos, los s\u00edntomas pueden ser controlados o incluso eliminados mediante cambios en el estilo de vida y tratamientos m\u00e9dicos adecuados. Sin embargo, algunas personas pueden necesitar tratamiento continuo.<\/p>\n\n\n\n<h3 class=\"wp-block-heading\">\u00bfCu\u00e1nto tiempo dura el tratamiento?<\/h3>\n\n\n\n<p>La duraci\u00f3n del tratamiento var\u00eda seg\u00fan cada paciente y su respuesta al mismo. Algunos pueden necesitar usar un dispositivo CPAP durante toda la vida, mientras que otros pueden ver mejoras significativas con cambios en su estilo de vida.<\/p>\n\n\n\n<h3 class=\"wp-block-heading\">\u00bfEs doloroso usar un CPAP?<\/h3>\n\n\n\n<p>El uso inicial del CPAP puede ser inc\u00f3modo para algunos pacientes; sin embargo, muchos se acostumbran r\u00e1pidamente al dispositivo y encuentran alivio significativo en sus s\u00edntomas.<\/p>\n\n\n\n<h4 class=\"wp-block-heading\">\u00a1Recupera tu calidad de vida y de sue\u00f1o con la Dra. Cristina Vaduva!<\/h4>\n\n\n\n<p>Dejar de sufrir por la apnea del sue\u00f1o es posible mediante cambios en tu estilo de vida y tratamientos adecuados. La <a href=\"https:\/\/drcristinavaduva.com\/ro\/\" target=\"_blank\" rel=\"noreferrer noopener\">Dra. Cristina Vaduva<\/a> est\u00e1 aqu\u00ed para ayudarte a encontrar soluciones efectivas y personalizadas para mejorar tu calidad del sue\u00f1o y tu salud general.<\/p>\n\n\n\n<p>Si sospechas que puedes tener apnea del sue\u00f1o o si ya has sido diagnosticado y buscas opciones terap\u00e9uticas, no dudes en <a href=\"https:\/\/drcristinavaduva.com\/ro\/contacto\/\" target=\"_blank\" rel=\"noreferrer noopener\">programar una consulta<\/a> con la Dra. Cristina Vaduva. \u00a1Tu bienestar es nuestra prioridad!<\/p>","protected":false},"excerpt":{"rendered":"<p>a apnea del sue\u00f1o es un trastorno com\u00fan que afecta a millones de personas en todo el mundo. Se caracteriza por interrupciones en la respiraci\u00f3n durante el sue\u00f1o, lo que puede llevar a una serie de problemas de salud. Debido a que puede afectar significativamente la calidad de vida, muchos se preguntan como dejar de &hellip;<\/p>\n<p class=\"read-more\"> <a class=\"\" href=\"https:\/\/drcristinavaduva.com\/ro\/como-dejar-de-sufrir-de-apnea-del-sueno\/\"> <span class=\"screen-reader-text\">\u00bfC\u00f3mo dejar de sufrir de apnea del sue\u00f1o?<\/span> Read More &raquo;<\/a><\/p>","protected":false},"author":2,"featured_media":1648,"comment_status":"open","ping_status":"open","sticky":false,"template":"","format":"standard","meta":{"site-sidebar-layout":"default","site-content-layout":"default","ast-global-header-display":"","ast-banner-title-visibility":"","ast-main-header-display":"","ast-hfb-above-header-display":"","ast-hfb-below-header-display":"","ast-hfb-mobile-header-display":"","site-post-title":"","ast-breadcrumbs-content":"","ast-featured-img":"","footer-sml-layout":"","theme-transparent-header-meta":"","adv-header-id-meta":"","stick-header-meta":"","header-above-stick-meta":"","header-main-stick-meta":"","header-below-stick-meta":"","footnotes":""},"categories":[1],"tags":[21,22,24,25,23],"class_list":["post-1645","post","type-post","status-publish","format-standard","has-post-thumbnail","hentry","category-uncategorized","tag-apnea","tag-apnea-de-sueno","tag-dormir-bien","tag-dormir-con-apnea","tag-ronquidos"],"yoast_head":"<!-- This site is optimized with the Yoast SEO plugin v21.2 - https:\/\/yoast.com\/wordpress\/plugins\/seo\/ -->\n<title>\u00bfC\u00f3mo dejar de sufrir de apnea del sue\u00f1o? | Dr. Cristina Vaduva<\/title>\n<meta name=\"description\" content=\"Descubre las mejores estrategias y tratamientos para dejar de sufrir de apnea del sue\u00f1o. Recupera tu calidad de descanso con la Dra. Vaduva.\" \/>\n<meta name=\"robots\" content=\"index, follow, max-snippet:-1, max-image-preview:large, max-video-preview:-1\" \/>\n<link rel=\"canonical\" href=\"https:\/\/drcristinavaduva.com\/ro\/como-dejar-de-sufrir-de-apnea-del-sueno\/\" \/>\n<meta property=\"og:locale\" content=\"ro_RO\" \/>\n<meta property=\"og:type\" content=\"article\" \/>\n<meta property=\"og:title\" content=\"\u00bfC\u00f3mo dejar de sufrir de apnea del sue\u00f1o? | Dr. Cristina Vaduva\" \/>\n<meta property=\"og:description\" content=\"Descubre las mejores estrategias y tratamientos para dejar de sufrir de apnea del sue\u00f1o. Recupera tu calidad de descanso con la Dra. Vaduva.\" \/>\n<meta property=\"og:url\" content=\"https:\/\/drcristinavaduva.com\/ro\/como-dejar-de-sufrir-de-apnea-del-sueno\/\" \/>\n<meta property=\"og:site_name\" content=\"Dra Cristina Vaduva\" \/>\n<meta property=\"article:published_time\" content=\"2024-12-01T18:57:28+00:00\" \/>\n<meta property=\"article:modified_time\" content=\"2025-01-13T04:32:42+00:00\" \/>\n<meta property=\"og:image\" content=\"https:\/\/drcristinavaduva.com\/wp-content\/uploads\/2024\/12\/pexels-cottonbro-3694016.jpg\" \/>\n\t<meta property=\"og:image:width\" content=\"800\" \/>\n\t<meta property=\"og:image:height\" content=\"533\" \/>\n\t<meta property=\"og:image:type\" content=\"image\/jpeg\" \/>\n<meta name=\"author\" content=\"Ana\" \/>\n<meta name=\"twitter:card\" content=\"summary_large_image\" \/>\n<meta name=\"twitter:label1\" content=\"Scris de\" \/>\n\t<meta name=\"twitter:data1\" content=\"Ana\" \/>\n\t<meta name=\"twitter:label2\" content=\"Timp estimat pentru citire\" \/>\n\t<meta name=\"twitter:data2\" content=\"5 minute\" \/>\n<script type=\"application\/ld+json\" class=\"yoast-schema-graph\">{\"@context\":\"https:\/\/schema.org\",\"@graph\":[{\"@type\":\"WebPage\",\"@id\":\"https:\/\/drcristinavaduva.com\/como-dejar-de-sufrir-de-apnea-del-sueno\/\",\"url\":\"https:\/\/drcristinavaduva.com\/como-dejar-de-sufrir-de-apnea-del-sueno\/\",\"name\":\"\u00bfC\u00f3mo dejar de sufrir de apnea del sue\u00f1o? | Dr. Cristina Vaduva\",\"isPartOf\":{\"@id\":\"https:\/\/drcristinavaduva.com\/#website\"},\"datePublished\":\"2024-12-01T18:57:28+00:00\",\"dateModified\":\"2025-01-13T04:32:42+00:00\",\"author\":{\"@id\":\"https:\/\/drcristinavaduva.com\/#\/schema\/person\/95f2e78bc1ea95dee6010d3c27548170\"},\"description\":\"Descubre las mejores estrategias y tratamientos para dejar de sufrir de apnea del sue\u00f1o. Recupera tu calidad de descanso con la Dra. Vaduva.\",\"breadcrumb\":{\"@id\":\"https:\/\/drcristinavaduva.com\/como-dejar-de-sufrir-de-apnea-del-sueno\/#breadcrumb\"},\"inLanguage\":\"ro-RO\",\"potentialAction\":[{\"@type\":\"ReadAction\",\"target\":[\"https:\/\/drcristinavaduva.com\/como-dejar-de-sufrir-de-apnea-del-sueno\/\"]}]},{\"@type\":\"BreadcrumbList\",\"@id\":\"https:\/\/drcristinavaduva.com\/como-dejar-de-sufrir-de-apnea-del-sueno\/#breadcrumb\",\"itemListElement\":[{\"@type\":\"ListItem\",\"position\":1,\"name\":\"Portada\",\"item\":\"https:\/\/drcristinavaduva.com\/\"},{\"@type\":\"ListItem\",\"position\":2,\"name\":\"\u00bfC\u00f3mo dejar de sufrir de apnea del sue\u00f1o?\"}]},{\"@type\":\"WebSite\",\"@id\":\"https:\/\/drcristinavaduva.com\/#website\",\"url\":\"https:\/\/drcristinavaduva.com\/\",\"name\":\"Dra Cristina Vaduva\",\"description\":\"\",\"potentialAction\":[{\"@type\":\"SearchAction\",\"target\":{\"@type\":\"EntryPoint\",\"urlTemplate\":\"https:\/\/drcristinavaduva.com\/?s={search_term_string}\"},\"query-input\":\"required name=search_term_string\"}],\"inLanguage\":\"ro-RO\"},{\"@type\":\"Person\",\"@id\":\"https:\/\/drcristinavaduva.com\/#\/schema\/person\/95f2e78bc1ea95dee6010d3c27548170\",\"name\":\"Ana\",\"image\":{\"@type\":\"ImageObject\",\"inLanguage\":\"ro-RO\",\"@id\":\"https:\/\/drcristinavaduva.com\/#\/schema\/person\/image\/\",\"url\":\"https:\/\/secure.gravatar.com\/avatar\/d1840ae14902e8e3bfcc36c2673930ef50ff09f785d2c339c8c9c57fb40576bf?s=96&d=mm&r=g\",\"contentUrl\":\"https:\/\/secure.gravatar.com\/avatar\/d1840ae14902e8e3bfcc36c2673930ef50ff09f785d2c339c8c9c57fb40576bf?s=96&d=mm&r=g\",\"caption\":\"Ana\"},\"url\":\"https:\/\/drcristinavaduva.com\/ro\/author\/ana\/\"}]}<\/script>\n<!-- \/ Yoast SEO plugin. -->","yoast_head_json":{"title":"\u00bfC\u00f3mo dejar de sufrir de apnea del sue\u00f1o? | Dr. Cristina Vaduva","description":"Descubre las mejores estrategias y tratamientos para dejar de sufrir de apnea del sue\u00f1o. Recupera tu calidad de descanso con la Dra. Vaduva.","robots":{"index":"index","follow":"follow","max-snippet":"max-snippet:-1","max-image-preview":"max-image-preview:large","max-video-preview":"max-video-preview:-1"},"canonical":"https:\/\/drcristinavaduva.com\/ro\/como-dejar-de-sufrir-de-apnea-del-sueno\/","og_locale":"ro_RO","og_type":"article","og_title":"\u00bfC\u00f3mo dejar de sufrir de apnea del sue\u00f1o? | Dr. Cristina Vaduva","og_description":"Descubre las mejores estrategias y tratamientos para dejar de sufrir de apnea del sue\u00f1o. Recupera tu calidad de descanso con la Dra. Vaduva.","og_url":"https:\/\/drcristinavaduva.com\/ro\/como-dejar-de-sufrir-de-apnea-del-sueno\/","og_site_name":"Dra Cristina Vaduva","article_published_time":"2024-12-01T18:57:28+00:00","article_modified_time":"2025-01-13T04:32:42+00:00","og_image":[{"width":800,"height":533,"url":"https:\/\/drcristinavaduva.com\/wp-content\/uploads\/2024\/12\/pexels-cottonbro-3694016.jpg","type":"image\/jpeg"}],"author":"Ana","twitter_card":"summary_large_image","twitter_misc":{"Scris de":"Ana","Timp estimat pentru citire":"5 minute"},"schema":{"@context":"https:\/\/schema.org","@graph":[{"@type":"WebPage","@id":"https:\/\/drcristinavaduva.com\/como-dejar-de-sufrir-de-apnea-del-sueno\/","url":"https:\/\/drcristinavaduva.com\/como-dejar-de-sufrir-de-apnea-del-sueno\/","name":"\u00bfC\u00f3mo dejar de sufrir de apnea del sue\u00f1o? | Dr. Cristina Vaduva","isPartOf":{"@id":"https:\/\/drcristinavaduva.com\/#website"},"datePublished":"2024-12-01T18:57:28+00:00","dateModified":"2025-01-13T04:32:42+00:00","author":{"@id":"https:\/\/drcristinavaduva.com\/#\/schema\/person\/95f2e78bc1ea95dee6010d3c27548170"},"description":"Descubre las mejores estrategias y tratamientos para dejar de sufrir de apnea del sue\u00f1o. Recupera tu calidad de descanso con la Dra. Vaduva.","breadcrumb":{"@id":"https:\/\/drcristinavaduva.com\/como-dejar-de-sufrir-de-apnea-del-sueno\/#breadcrumb"},"inLanguage":"ro-RO","potentialAction":[{"@type":"ReadAction","target":["https:\/\/drcristinavaduva.com\/como-dejar-de-sufrir-de-apnea-del-sueno\/"]}]},{"@type":"BreadcrumbList","@id":"https:\/\/drcristinavaduva.com\/como-dejar-de-sufrir-de-apnea-del-sueno\/#breadcrumb","itemListElement":[{"@type":"ListItem","position":1,"name":"Portada","item":"https:\/\/drcristinavaduva.com\/"},{"@type":"ListItem","position":2,"name":"\u00bfC\u00f3mo dejar de sufrir de apnea del sue\u00f1o?"}]},{"@type":"WebSite","@id":"https:\/\/drcristinavaduva.com\/#website","url":"https:\/\/drcristinavaduva.com\/","name":"Dra Cristina Vaduva","description":"","potentialAction":[{"@type":"SearchAction","target":{"@type":"EntryPoint","urlTemplate":"https:\/\/drcristinavaduva.com\/?s={search_term_string}"},"query-input":"required name=search_term_string"}],"inLanguage":"ro-RO"},{"@type":"Person","@id":"https:\/\/drcristinavaduva.com\/#\/schema\/person\/95f2e78bc1ea95dee6010d3c27548170","name":"Ana","image":{"@type":"ImageObject","inLanguage":"ro-RO","@id":"https:\/\/drcristinavaduva.com\/#\/schema\/person\/image\/","url":"https:\/\/secure.gravatar.com\/avatar\/d1840ae14902e8e3bfcc36c2673930ef50ff09f785d2c339c8c9c57fb40576bf?s=96&d=mm&r=g","contentUrl":"https:\/\/secure.gravatar.com\/avatar\/d1840ae14902e8e3bfcc36c2673930ef50ff09f785d2c339c8c9c57fb40576bf?s=96&d=mm&r=g","caption":"Ana"},"url":"https:\/\/drcristinavaduva.com\/ro\/author\/ana\/"}]}},"_links":{"self":[{"href":"https:\/\/drcristinavaduva.com\/ro\/wp-json\/wp\/v2\/posts\/1645","targetHints":{"allow":["GET"]}}],"collection":[{"href":"https:\/\/drcristinavaduva.com\/ro\/wp-json\/wp\/v2\/posts"}],"about":[{"href":"https:\/\/drcristinavaduva.com\/ro\/wp-json\/wp\/v2\/types\/post"}],"author":[{"embeddable":true,"href":"https:\/\/drcristinavaduva.com\/ro\/wp-json\/wp\/v2\/users\/2"}],"replies":[{"embeddable":true,"href":"https:\/\/drcristinavaduva.com\/ro\/wp-json\/wp\/v2\/comments?post=1645"}],"version-history":[{"count":1,"href":"https:\/\/drcristinavaduva.com\/ro\/wp-json\/wp\/v2\/posts\/1645\/revisions"}],"predecessor-version":[{"id":1649,"href":"https:\/\/drcristinavaduva.com\/ro\/wp-json\/wp\/v2\/posts\/1645\/revisions\/1649"}],"wp:featuredmedia":[{"embeddable":true,"href":"https:\/\/drcristinavaduva.com\/ro\/wp-json\/wp\/v2\/media\/1648"}],"wp:attachment":[{"href":"https:\/\/drcristinavaduva.com\/ro\/wp-json\/wp\/v2\/media?parent=1645"}],"wp:term":[{"taxonomy":"category","embeddable":true,"href":"https:\/\/drcristinavaduva.com\/ro\/wp-json\/wp\/v2\/categories?post=1645"},{"taxonomy":"post_tag","embeddable":true,"href":"https:\/\/drcristinavaduva.com\/ro\/wp-json\/wp\/v2\/tags?post=1645"}],"curies":[{"name":"wp","href":"https:\/\/api.w.org\/{rel}","templated":true}]}}